{"id":327,"date":"2020-03-30T15:28:26","date_gmt":"2020-03-30T15:28:26","guid":{"rendered":"http:\/\/academiacienciasveterinariascyl.com\/noticias\/?p=327"},"modified":"2020-03-30T15:35:03","modified_gmt":"2020-03-30T15:35:03","slug":"carta-abierta-de-la-academia-de-ciencias-veterinarias-de-castilla-y-leon-sobre-la-crisis-pandemica-por-covid-19","status":"publish","type":"post","link":"https:\/\/academiacienciasveterinariascyl.com\/noticias\/carta-abierta-de-la-academia-de-ciencias-veterinarias-de-castilla-y-leon-sobre-la-crisis-pandemica-por-covid-19\/","title":{"rendered":"Carta abierta de la Academia de Ciencias Veterinarias de Castilla y Le\u00f3n, sobre la crisis pand\u00e9mica por COVID-19"},"content":{"rendered":"\n\n\n<p><\/p>\n\n\n\n<p>Enfilamos\nhoy la segunda parte de esta larga condena de aislamiento en los hogares como\nconsecuencia de la difusi\u00f3n del reci\u00e9n aparecido SARS-CoV-2, que produce el\nCOVID-19 (la neumon\u00eda por coronavirus), que tantas vidas se est\u00e1 llevando, y lo\nhacemos con la esperanza de que pronto termine esta pesadilla que parece el\nargumento de una pel\u00edcula de terror.<\/p>\n\n\n\n<p>Cuando\ncomenzaron a difundirse noticias de la presencia de la enfermedad en China y\naparecieron los primeros datos de las investigaciones de los cient\u00edficos de\naqu\u00e9l pa\u00eds y poco despu\u00e9s se produjeron las primeras alarmas en la vecina\nItalia, muchos veterinarios pensamos en los a\u00f1os, afortunadamente ya pasados,\nde las grandes epidemias del ganado, como la fiebre aftosa, peste porcina\nafricana o peste (influenza) aviar, incluso peste bovina, algunas de ellas sufridas\nen las propias carnes y en otros casos en los pa\u00edses vecinos. Ante tales hechos,\nla mentalidad veterinaria, acostumbrada a trabajar con grandes poblaciones de\nanimales, planificaba enso\u00f1aciones llenas de previsiones para localizar el\nfoco, aislar, prevenir y erradicar, muchas veces en condiciones parecidas a las\nque se han dado ahora, como la falta de tratamientos o vacunas, incluso sin\ntecnolog\u00edas tan eficientes como de las que se dispone ahora para montar una\nvigilancia basada en el diagn\u00f3stico r\u00e1pido y las actuaciones inmediatas, que\nson la clave. Lamentablemente nada de eso se puso en pr\u00e1ctica y con fallos\nimportantes solo se ha atendido al eslab\u00f3n final de la cadena de contagios y no\nal contrario, yendo por detr\u00e1s de la epidemia, ahora pandemia, y no por delante.\nEn estas condiciones, el resultado es el que es, con miles de v\u00edctimas y el\nenorme sacrificio de los sanitarios asistenciales, igual que del resto de\nprofesiones que velan porque siga existiendo abastecimiento de alimentos, que\nantes tienen que ser producidos, procesados y distribuidos en condiciones de\nseguridad alimentaria o los sectores encargados de la seguridad ciudadana, con\nel encomiable esfuerzo del ej\u00e9rcito.<\/p>\n\n\n\n<p>La\nCiencia Veterinaria deber\u00eda haber sido llamada a colaborar en las estrategias y\nplanes de prevenci\u00f3n y control. Por un lado, en su actividad de lucha contra\nzoonosis (y \u00e9sta lo es), igual que en cuanto tiene que ver con la Seguridad\nAlimentaria es, en estos campos, una pieza clave del funcionamiento de la\nSociedad desde el punto de vista sanitario, aunque esa actividad no sea\nasistencial, como la del m\u00e9dico o el enfermero. Ahora que se habla tanto de Una\nsola Salud, para escenificar la colaboraci\u00f3n de todos y del veterinario en\nprimera l\u00ednea, se echa mucho de menos su ausencia, injustificada, porque sus\nconocimientos son muy valiosos en ocasiones como \u00e9sta, en la que nos jugamos\ntanto. Pero su presencia y actividad es deseable, tambi\u00e9n, en el primer punto\nde esta cadena, integrando su colaboraci\u00f3n en el estudio del agente, un virus\nanimal, de una familia formada ya por m\u00e1s de 60 especies, de las que m\u00e1s del 80%\nson de origen animal, igual que del conocimiento de las circunstancias que\nrompieron la fidelidad de hospedador y saltaron a la especie humana, para que\nla situaci\u00f3n no se repita, o en el dise\u00f1o de recursos preventivos. Desde aqu\u00ed\nreclamamos esa integraci\u00f3n.<\/p>\n\n\n\n<p>Algunos\nde estos aspectos iban a ser abordados en una sesi\u00f3n conjunta de acad\u00e9micos\nveterinarios y m\u00e9dicos, pero los acontecimientos lo han impedido. Desde estas\nl\u00edneas animamos a todos nuestros acad\u00e9micos y a todos los veterinarios, para\nsalir de este trance en que, sea como individuos o como profesionales, tanto\naportamos y mucho m\u00e1s podemos aportar. Hacemos votos por la vuelta a la\nnormalidad lo m\u00e1s pronto posible y, a\u00fan en esta fase, ofrecemos nuestra\ncolaboraci\u00f3n a los gestores sanitarios y pol\u00edticos.<\/p>\n\n\n\n<p>Le\u00f3n,\n30 de marzo de 2020<\/p>\n\n\n\n<p>El\u00edas\nF. Rodr\u00edguez Ferri<\/p>\n","protected":false},"excerpt":{"rendered":"<p>Enfilamos hoy la segunda parte de esta larga condena de aislamiento en los hogares como consecuencia de la difusi\u00f3n del reci\u00e9n aparecido SARS-CoV-2, que produce&hellip;<\/p>\n","protected":false},"author":1,"featured_media":168,"comment_status":"open","ping_status":"open","sticky":false,"template":"","format":"standard","meta":{"footnotes":""},"categories":[1],"tags":[],"_links":{"self":[{"href":"https:\/\/academiacienciasveterinariascyl.com\/noticias\/wp-json\/wp\/v2\/posts\/327"}],"collection":[{"href":"https:\/\/academiacienciasveterinariascyl.com\/noticias\/wp-json\/wp\/v2\/posts"}],"about":[{"href":"https:\/\/academiacienciasveterinariascyl.com\/noticias\/wp-json\/wp\/v2\/types\/post"}],"author":[{"embeddable":true,"href":"https:\/\/academiacienciasveterinariascyl.com\/noticias\/wp-json\/wp\/v2\/users\/1"}],"replies":[{"embeddable":true,"href":"https:\/\/academiacienciasveterinariascyl.com\/noticias\/wp-json\/wp\/v2\/comments?post=327"}],"version-history":[{"count":2,"href":"https:\/\/academiacienciasveterinariascyl.com\/noticias\/wp-json\/wp\/v2\/posts\/327\/revisions"}],"predecessor-version":[{"id":329,"href":"https:\/\/academiacienciasveterinariascyl.com\/noticias\/wp-json\/wp\/v2\/posts\/327\/revisions\/329"}],"wp:featuredmedia":[{"embeddable":true,"href":"https:\/\/academiacienciasveterinariascyl.com\/noticias\/wp-json\/wp\/v2\/media\/168"}],"wp:attachment":[{"href":"https:\/\/academiacienciasveterinariascyl.com\/noticias\/wp-json\/wp\/v2\/media?parent=327"}],"wp:term":[{"taxonomy":"category","embeddable":true,"href":"https:\/\/academiacienciasveterinariascyl.com\/noticias\/wp-json\/wp\/v2\/categories?post=327"},{"taxonomy":"post_tag","embeddable":true,"href":"https:\/\/academiacienciasveterinariascyl.com\/noticias\/wp-json\/wp\/v2\/tags?post=327"}],"curies":[{"name":"wp","href":"https:\/\/api.w.org\/{rel}","templated":true}]}}