{"id":319,"date":"2020-03-16T07:39:59","date_gmt":"2020-03-16T07:39:59","guid":{"rendered":"http:\/\/academiacienciasveterinariascyl.com\/noticias\/?p=319"},"modified":"2020-03-16T07:40:49","modified_gmt":"2020-03-16T07:40:49","slug":"suspension-actividades-presenciales","status":"publish","type":"post","link":"https:\/\/academiacienciasveterinariascyl.com\/noticias\/suspension-actividades-presenciales\/","title":{"rendered":"Suspensi\u00f3n actividades presenciales"},"content":{"rendered":"\n<p>Estimado amigo y\ncompa\u00f1ero Acad\u00e9mico. Ante la situaci\u00f3n creada por la pandemia de COVID-19\nproducida por el coronavirus SARS-CoV-2, con pronunciamiento de las autoridades\nsanitarias a nivel central y auton\u00f3mico, siguiendo tambi\u00e9n las decisiones ya\ntomadas por las Academias Sanitarias de Castilla y Le\u00f3n y las Reales Academias\nde Medicina, Farmacia, Veterinaria y de Doctores, igual que los Consejos\nGenerales de Veterinarios y de M\u00e9dicos y la Universidad de Le\u00f3n, la Junta de\nGobierno de la Academia de Ciencias Veterinarias de Castilla y Le\u00f3n, ha\ndecidido suspender, hasta nuevo aviso, todas sus actividades presenciales. <\/p>\n\n\n\n<p>Lo que te traslado para\ntu conocimiento<\/p>\n\n\n\n<p>Un abrazo<\/p>\n","protected":false},"excerpt":{"rendered":"<p>Estimado amigo y compa\u00f1ero Acad\u00e9mico. Ante la situaci\u00f3n creada por la pandemia de COVID-19 producida por el coronavirus SARS-CoV-2, con pronunciamiento de las autoridades sanitarias&hellip;<\/p>\n","protected":false},"author":1,"featured_media":75,"comment_status":"open","ping_status":"open","sticky":false,"template":"","format":"standard","meta":{"footnotes":""},"categories":[1],"tags":[],"_links":{"self":[{"href":"https:\/\/academiacienciasveterinariascyl.com\/noticias\/wp-json\/wp\/v2\/posts\/319"}],"collection":[{"href":"https:\/\/academiacienciasveterinariascyl.com\/noticias\/wp-json\/wp\/v2\/posts"}],"about":[{"href":"https:\/\/academiacienciasveterinariascyl.com\/noticias\/wp-json\/wp\/v2\/types\/post"}],"author":[{"embeddable":true,"href":"https:\/\/academiacienciasveterinariascyl.com\/noticias\/wp-json\/wp\/v2\/users\/1"}],"replies":[{"embeddable":true,"href":"https:\/\/academiacienciasveterinariascyl.com\/noticias\/wp-json\/wp\/v2\/comments?post=319"}],"version-history":[{"count":1,"href":"https:\/\/academiacienciasveterinariascyl.com\/noticias\/wp-json\/wp\/v2\/posts\/319\/revisions"}],"predecessor-version":[{"id":320,"href":"https:\/\/academiacienciasveterinariascyl.com\/noticias\/wp-json\/wp\/v2\/posts\/319\/revisions\/320"}],"wp:featuredmedia":[{"embeddable":true,"href":"https:\/\/academiacienciasveterinariascyl.com\/noticias\/wp-json\/wp\/v2\/media\/75"}],"wp:attachment":[{"href":"https:\/\/academiacienciasveterinariascyl.com\/noticias\/wp-json\/wp\/v2\/media?parent=319"}],"wp:term":[{"taxonomy":"category","embeddable":true,"href":"https:\/\/academiacienciasveterinariascyl.com\/noticias\/wp-json\/wp\/v2\/categories?post=319"},{"taxonomy":"post_tag","embeddable":true,"href":"https:\/\/academiacienciasveterinariascyl.com\/noticias\/wp-json\/wp\/v2\/tags?post=319"}],"curies":[{"name":"wp","href":"https:\/\/api.w.org\/{rel}","templated":true}]}}