{"id":311,"date":"2020-03-09T09:44:00","date_gmt":"2020-03-09T09:44:00","guid":{"rendered":"http:\/\/academiacienciasveterinariascyl.com\/noticias\/?p=311"},"modified":"2020-03-10T09:48:08","modified_gmt":"2020-03-10T09:48:08","slug":"reconocimiento-a-la-benemerita-institucion-de-la-guardia-civil","status":"publish","type":"post","link":"https:\/\/academiacienciasveterinariascyl.com\/noticias\/reconocimiento-a-la-benemerita-institucion-de-la-guardia-civil\/","title":{"rendered":"Reconocimiento a la Benem\u00e9rita Instituci\u00f3n de la Guardia Civil"},"content":{"rendered":"\n<p>El pasado 5 de marzo, una\ndelegaci\u00f3n de Acad\u00e9micos, representantes de la Academia de Ciencias\nVeterinarias de Castilla y Le\u00f3n formada por su Presidente, D. El\u00edas Fernando\nRodr\u00edguez Ferri, el Secretario D. Francisco Antonio Rojo V\u00e1zquez y D.\nEstanislao de Luis Calabuig, acompa\u00f1ados de D. Francisco Rodr\u00edguez Garc\u00eda, colaborador\nde la Academia y miembro del Consejo Social de la ULE, llev\u00f3 a cabo una visita\nde cortes\u00eda a la Comandancia de Le\u00f3n, entrevist\u00e1ndose con el Sr General Jefe de\nla XII Zona de la Guardia Civil de Castilla y Le\u00f3n, D. Clemente Garc\u00eda Barrios<\/p>\n\n\n\n<figure class=\"wp-block-image size-large\"><img loading=\"lazy\" decoding=\"async\" width=\"1024\" height=\"684\" src=\"https:\/\/academiacienciasveterinariascyl.com\/noticias\/wp-content\/uploads\/2020\/03\/GUARDIA-CIVIL--1024x684.jpg\" alt=\"\" class=\"wp-image-314\" srcset=\"https:\/\/academiacienciasveterinariascyl.com\/noticias\/wp-content\/uploads\/2020\/03\/GUARDIA-CIVIL--1024x684.jpg 1024w, https:\/\/academiacienciasveterinariascyl.com\/noticias\/wp-content\/uploads\/2020\/03\/GUARDIA-CIVIL--300x200.jpg 300w, https:\/\/academiacienciasveterinariascyl.com\/noticias\/wp-content\/uploads\/2020\/03\/GUARDIA-CIVIL--768x513.jpg 768w, https:\/\/academiacienciasveterinariascyl.com\/noticias\/wp-content\/uploads\/2020\/03\/GUARDIA-CIVIL--1536x1026.jpg 1536w, https:\/\/academiacienciasveterinariascyl.com\/noticias\/wp-content\/uploads\/2020\/03\/GUARDIA-CIVIL-.jpg 1967w\" sizes=\"(max-width: 1024px) 100vw, 1024px\" \/><\/figure>\n\n\n\n<p>El prop\u00f3sito de la visita era\ntrasladarle personalmente el Acuerdo de la Junta General de la Academia,\nadoptado por unanimidad, en la reuni\u00f3n celebrada el pasado 14 de febrero, sobre\nel Reconocimiento a la Benem\u00e9rita Instituci\u00f3n de la Guardia Civil, por el\ntrabajo que viene realizando desde su creaci\u00f3n, que ha facilitado la actividad\nveterinaria y, con ello, el desarrollo de las Ciencias Veterinarias. El control\ny el orden en el medio rural, donde se ha ejercido tradicionalmente la\nactividad ganadera para la producci\u00f3n de alimentos con destino al hombre, igual\nque el control sobre las actividades reguladas por las leyes, reales decretos,\ndecretos y dem\u00e1s normas nacionales e internacionales, en relaci\u00f3n con la\nSanidad Animal, en la lucha contra las enfermedades de los animales y las\nzoonosis, no solo de los animales dom\u00e9sticos productores de alimentos, sino\ntambi\u00e9n en relaci\u00f3n con los animales \u00fatiles y de compa\u00f1\u00eda. Despu\u00e9s, el control\nde la caza y la pesca y, en general, el cumplimiento de las leyes sobre la\nfauna silvestre, o el tr\u00e1fico ilegal de animales de todos los tipos, de\nmedicamentos y drogas, etc., que tienen destino ilegal en los animales y que\ndespu\u00e9s repercuten de forma directa o indirectamente en la Salud P\u00fablica, y as\u00ed\nse podr\u00eda seguir con muchas m\u00e1s relaciones que ponen de manifiesto el papel\ncomplementario de este laureado Cuerpo y las Ciencias Veterinarias.<\/p>\n\n\n\n<p>A tal efecto, en cumplimiento de\nlo que contempla el art\u00edculo 14.2 del Reglamento de R\u00e9gimen Interno, la Academia\nde Ciencias Veterinarias de Castilla y Le\u00f3n, acuerda otorgar la <strong>Placa de Honor <\/strong>de la Academia, a la\nGuardia Civil. <\/p>\n\n\n\n<p>El acto de entrega lugar en acto\nsolemne que se celebrar\u00e1 en los pr\u00f3ximos meses y que, oportunamente se\nanunciar\u00e1<\/p>\n","protected":false},"excerpt":{"rendered":"<p>El pasado 5 de marzo, una delegaci\u00f3n de Acad\u00e9micos, representantes de la Academia de Ciencias Veterinarias de Castilla y Le\u00f3n formada por su Presidente, D.&hellip;<\/p>\n","protected":false},"author":1,"featured_media":317,"comment_status":"open","ping_status":"open","sticky":false,"template":"","format":"standard","meta":{"footnotes":""},"categories":[1],"tags":[],"_links":{"self":[{"href":"https:\/\/academiacienciasveterinariascyl.com\/noticias\/wp-json\/wp\/v2\/posts\/311"}],"collection":[{"href":"https:\/\/academiacienciasveterinariascyl.com\/noticias\/wp-json\/wp\/v2\/posts"}],"about":[{"href":"https:\/\/academiacienciasveterinariascyl.com\/noticias\/wp-json\/wp\/v2\/types\/post"}],"author":[{"embeddable":true,"href":"https:\/\/academiacienciasveterinariascyl.com\/noticias\/wp-json\/wp\/v2\/users\/1"}],"replies":[{"embeddable":true,"href":"https:\/\/academiacienciasveterinariascyl.com\/noticias\/wp-json\/wp\/v2\/comments?post=311"}],"version-history":[{"count":2,"href":"https:\/\/academiacienciasveterinariascyl.com\/noticias\/wp-json\/wp\/v2\/posts\/311\/revisions"}],"predecessor-version":[{"id":318,"href":"https:\/\/academiacienciasveterinariascyl.com\/noticias\/wp-json\/wp\/v2\/posts\/311\/revisions\/318"}],"wp:featuredmedia":[{"embeddable":true,"href":"https:\/\/academiacienciasveterinariascyl.com\/noticias\/wp-json\/wp\/v2\/media\/317"}],"wp:attachment":[{"href":"https:\/\/academiacienciasveterinariascyl.com\/noticias\/wp-json\/wp\/v2\/media?parent=311"}],"wp:term":[{"taxonomy":"category","embeddable":true,"href":"https:\/\/academiacienciasveterinariascyl.com\/noticias\/wp-json\/wp\/v2\/categories?post=311"},{"taxonomy":"post_tag","embeddable":true,"href":"https:\/\/academiacienciasveterinariascyl.com\/noticias\/wp-json\/wp\/v2\/tags?post=311"}],"curies":[{"name":"wp","href":"https:\/\/api.w.org\/{rel}","templated":true}]}}