{"id":299,"date":"2020-02-20T07:37:00","date_gmt":"2020-02-20T07:37:00","guid":{"rendered":"http:\/\/academiacienciasveterinariascyl.com\/noticias\/?p=299"},"modified":"2020-03-03T09:53:24","modified_gmt":"2020-03-03T09:53:24","slug":"apertura-del-curso-2020","status":"publish","type":"post","link":"https:\/\/academiacienciasveterinariascyl.com\/noticias\/apertura-del-curso-2020\/","title":{"rendered":"APERTURA DEL CURSO 2020"},"content":{"rendered":"\n<p> LA ACADEMIA DE CIENCIAS VETERINARIAS DE CyL<br> CELEBR\u00d3 EL ACTO DE APERTURA DEL CURSO 2020<\/p>\n\n\n\n<p><\/p>\n\n\n\n<p> En el transcurso de la ceremonia se hizo entrega a Jos\u00e9 Emilio Yanes y  Pablo Jos\u00e9 D\u00edez de los premios anuales que convoca la AVETCYL. <\/p>\n\n\n\n<p><a rel=\"noreferrer noopener\" aria-label=\"VER V\u00cdDEO (se abre en una nueva pesta\u00f1a)\" href=\"https:\/\/youtu.be\/UKTsXpVqbKs\" target=\"_blank\">VER V\u00cdDEO<\/a><\/p>\n\n\n\n<figure class=\"wp-block-image size-large\"><img loading=\"lazy\" decoding=\"async\" width=\"1024\" height=\"684\" src=\"https:\/\/academiacienciasveterinariascyl.com\/noticias\/wp-content\/uploads\/2020\/02\/premios-academia-ciencias-veterinarias-a\u00f1o-2020-1024x684.jpg\" alt=\"\" class=\"wp-image-300\" srcset=\"https:\/\/academiacienciasveterinariascyl.com\/noticias\/wp-content\/uploads\/2020\/02\/premios-academia-ciencias-veterinarias-a\u00f1o-2020-1024x684.jpg 1024w, https:\/\/academiacienciasveterinariascyl.com\/noticias\/wp-content\/uploads\/2020\/02\/premios-academia-ciencias-veterinarias-a\u00f1o-2020-300x200.jpg 300w, https:\/\/academiacienciasveterinariascyl.com\/noticias\/wp-content\/uploads\/2020\/02\/premios-academia-ciencias-veterinarias-a\u00f1o-2020-768x513.jpg 768w, https:\/\/academiacienciasveterinariascyl.com\/noticias\/wp-content\/uploads\/2020\/02\/premios-academia-ciencias-veterinarias-a\u00f1o-2020-1536x1026.jpg 1536w, https:\/\/academiacienciasveterinariascyl.com\/noticias\/wp-content\/uploads\/2020\/02\/premios-academia-ciencias-veterinarias-a\u00f1o-2020.jpg 1967w\" sizes=\"(max-width: 1024px) 100vw, 1024px\" \/><\/figure>\n\n\n\n<p><br> 20 febrero 2020 \u2010 El Paraninfo Gord\u00f3n Ord\u00e1s del Edificio El Alb\u00e9itar acogi\u00f3 en la tarde de ayer el acto solemne de Apertura de Curso 2020 de la Academia de Ciencias Veterinarias de Castilla y Le\u00f3n (AVETCYL), en el que se dio lectura a la memoria sobre las actividades desarrolladas en 2019, la se hizo entrega de los Premios Anuales de la Academia, que patrocinan el Consejo Auton\u00f3mico de Colegios Oficiales de Veterinarios y el Colegio Oficial de Veterinarios de Le\u00f3n.<\/p>\n\n\n\n<p><br> En el acto intervino asimismo el Acad\u00e9mico de N\u00famero de la Secci\u00f3n 4\u00aa (Higiene, Inspecci\u00f3n y Tecnolog\u00eda de Alimentos. Salud P\u00fablica), el doctor Carlos Alonso Calleja, que pronunci\u00f3 una interesante conferencia titulada <strong>\u2018Consumo de leche cruda: Situaci\u00f3n legal, beneficios y riesgos\u2019.<\/strong><br> <\/p>\n\n\n\n<figure class=\"wp-block-image size-large\"><img loading=\"lazy\" decoding=\"async\" width=\"1024\" height=\"683\" src=\"https:\/\/academiacienciasveterinariascyl.com\/noticias\/wp-content\/uploads\/2020\/02\/doctor-Carlos-Alonso-Calleja-conferencia-1024x683.jpg\" alt=\"\" class=\"wp-image-301\" srcset=\"https:\/\/academiacienciasveterinariascyl.com\/noticias\/wp-content\/uploads\/2020\/02\/doctor-Carlos-Alonso-Calleja-conferencia-1024x683.jpg 1024w, https:\/\/academiacienciasveterinariascyl.com\/noticias\/wp-content\/uploads\/2020\/02\/doctor-Carlos-Alonso-Calleja-conferencia-300x200.jpg 300w, https:\/\/academiacienciasveterinariascyl.com\/noticias\/wp-content\/uploads\/2020\/02\/doctor-Carlos-Alonso-Calleja-conferencia-768x512.jpg 768w, https:\/\/academiacienciasveterinariascyl.com\/noticias\/wp-content\/uploads\/2020\/02\/doctor-Carlos-Alonso-Calleja-conferencia-1536x1025.jpg 1536w, https:\/\/academiacienciasveterinariascyl.com\/noticias\/wp-content\/uploads\/2020\/02\/doctor-Carlos-Alonso-Calleja-conferencia.jpg 1967w\" sizes=\"(max-width: 1024px) 100vw, 1024px\" \/><\/figure>\n\n\n\n<p><strong>ENTREGA DE LOS PREMIOS ANUALES<\/strong><br> Es importante rese\u00f1ar que la sesi\u00f3n se complet\u00f3 con la entrega de los premios anuales de la AVETCYL, que correspondieron a las siguientes personas:<br> \u2010 El \u2018Premio del Consejo de Colegios Oficiales de Veterinarios de Castilla y Le\u00f3n\u2019 fue entregado a Jos\u00e9 Emilio Yanes Garc\u00eda, por su trabajo titulado \u2018Sobre las Restricciones a la Producci\u00f3n Mular en Espa\u00f1a y el uso secular de Gara\u00f1ones de Castilla la Vieja en la Real Yeguada de Aranjuez\u2019<\/p>\n\n\n\n<p><br> \u2010 El \u2018Premio del Colegio Oficial de Veterinarios de Le\u00f3n\u2019, fue concedido a Pablo Jos\u00e9 D\u00edez D\u00edez, por su trabajo titulado \u2018Evoluci\u00f3n Hist\u00f3rica de la Veterinaria Militar Espa\u00f1ola\u2019.<\/p>\n\n\n\n<p><br> <\/p>\n\n\n\n<figure class=\"wp-block-image size-large\"><img loading=\"lazy\" decoding=\"async\" width=\"1024\" height=\"683\" src=\"https:\/\/academiacienciasveterinariascyl.com\/noticias\/wp-content\/uploads\/2020\/02\/academia-ciencias-vetrianarias-1024x683.jpg\" alt=\"\" class=\"wp-image-302\" srcset=\"https:\/\/academiacienciasveterinariascyl.com\/noticias\/wp-content\/uploads\/2020\/02\/academia-ciencias-vetrianarias-1024x683.jpg 1024w, https:\/\/academiacienciasveterinariascyl.com\/noticias\/wp-content\/uploads\/2020\/02\/academia-ciencias-vetrianarias-300x200.jpg 300w, https:\/\/academiacienciasveterinariascyl.com\/noticias\/wp-content\/uploads\/2020\/02\/academia-ciencias-vetrianarias-768x512.jpg 768w, https:\/\/academiacienciasveterinariascyl.com\/noticias\/wp-content\/uploads\/2020\/02\/academia-ciencias-vetrianarias-1536x1025.jpg 1536w, https:\/\/academiacienciasveterinariascyl.com\/noticias\/wp-content\/uploads\/2020\/02\/academia-ciencias-vetrianarias.jpg 1967w\" sizes=\"(max-width: 1024px) 100vw, 1024px\" \/><\/figure>\n\n\n\n<p><\/p>\n\n\n\n<ul><li><\/li><\/ul>\n","protected":false},"excerpt":{"rendered":"<p>LA ACADEMIA DE CIENCIAS VETERINARIAS DE CyL CELEBR\u00d3 EL ACTO DE APERTURA DEL CURSO 2020 En el transcurso de la ceremonia se hizo entrega a&hellip;<\/p>\n","protected":false},"author":1,"featured_media":75,"comment_status":"open","ping_status":"open","sticky":false,"template":"","format":"standard","meta":{"footnotes":""},"categories":[1],"tags":[],"_links":{"self":[{"href":"https:\/\/academiacienciasveterinariascyl.com\/noticias\/wp-json\/wp\/v2\/posts\/299"}],"collection":[{"href":"https:\/\/academiacienciasveterinariascyl.com\/noticias\/wp-json\/wp\/v2\/posts"}],"about":[{"href":"https:\/\/academiacienciasveterinariascyl.com\/noticias\/wp-json\/wp\/v2\/types\/post"}],"author":[{"embeddable":true,"href":"https:\/\/academiacienciasveterinariascyl.com\/noticias\/wp-json\/wp\/v2\/users\/1"}],"replies":[{"embeddable":true,"href":"https:\/\/academiacienciasveterinariascyl.com\/noticias\/wp-json\/wp\/v2\/comments?post=299"}],"version-history":[{"count":3,"href":"https:\/\/academiacienciasveterinariascyl.com\/noticias\/wp-json\/wp\/v2\/posts\/299\/revisions"}],"predecessor-version":[{"id":310,"href":"https:\/\/academiacienciasveterinariascyl.com\/noticias\/wp-json\/wp\/v2\/posts\/299\/revisions\/310"}],"wp:featuredmedia":[{"embeddable":true,"href":"https:\/\/academiacienciasveterinariascyl.com\/noticias\/wp-json\/wp\/v2\/media\/75"}],"wp:attachment":[{"href":"https:\/\/academiacienciasveterinariascyl.com\/noticias\/wp-json\/wp\/v2\/media?parent=299"}],"wp:term":[{"taxonomy":"category","embeddable":true,"href":"https:\/\/academiacienciasveterinariascyl.com\/noticias\/wp-json\/wp\/v2\/categories?post=299"},{"taxonomy":"post_tag","embeddable":true,"href":"https:\/\/academiacienciasveterinariascyl.com\/noticias\/wp-json\/wp\/v2\/tags?post=299"}],"curies":[{"name":"wp","href":"https:\/\/api.w.org\/{rel}","templated":true}]}}