{"id":288,"date":"2020-02-18T17:46:54","date_gmt":"2020-02-18T17:46:54","guid":{"rendered":"http:\/\/academiacienciasveterinariascyl.com\/noticias\/?p=288"},"modified":"2020-02-18T17:49:56","modified_gmt":"2020-02-18T17:49:56","slug":"oma-de-posesion-del-academico-de-numero-ilmo-sr-dr-d-juan-jose-fernandez-dominguez","status":"publish","type":"post","link":"https:\/\/academiacienciasveterinariascyl.com\/noticias\/oma-de-posesion-del-academico-de-numero-ilmo-sr-dr-d-juan-jose-fernandez-dominguez\/","title":{"rendered":"Toma de Posesi\u00f3n del Acad\u00e9mico de N\u00famero: Ilmo Sr. Dr. D. Juan Jos\u00e9 Fern\u00e1ndez Dom\u00ednguez"},"content":{"rendered":"\n<p> El\u00edas F. Rodr\u00edguez Ferri, Presidente de la Academia de Ciencias Veterinarias de Castilla y Le\u00f3n. <\/p>\n\n\n\n<p>Tiene el honor de invitar a Vd. al Acto Solemne de Toma de Posesi\u00f3n del Acad\u00e9mico de N\u00famero: <strong>Ilmo Sr. Dr. D. Juan Jos\u00e9 Fern\u00e1ndez Dom\u00ednguez. <\/strong><\/p>\n\n\n\n<p><a href=\"https:\/\/www.youtube.com\/watch?v=DSKOq3yQ6h8&amp;t=707s\" target=\"_blank\" rel=\"noreferrer noopener\" aria-label=\"VER V\u00cdDEO CONFERENCIA (se abre en una nueva pesta\u00f1a)\">VER V\u00cdDEO CONFERENCIA<\/a><\/p>\n\n\n\n<figure class=\"wp-block-image size-large\"><img loading=\"lazy\" decoding=\"async\" width=\"1024\" height=\"683\" src=\"https:\/\/academiacienciasveterinariascyl.com\/noticias\/wp-content\/uploads\/2020\/02\/academico-de-numero-Juan-Jose-Fernandez-Dominguez-1024x683.jpg\" alt=\"\" class=\"wp-image-289\" srcset=\"https:\/\/academiacienciasveterinariascyl.com\/noticias\/wp-content\/uploads\/2020\/02\/academico-de-numero-Juan-Jose-Fernandez-Dominguez-1024x683.jpg 1024w, https:\/\/academiacienciasveterinariascyl.com\/noticias\/wp-content\/uploads\/2020\/02\/academico-de-numero-Juan-Jose-Fernandez-Dominguez-300x200.jpg 300w, https:\/\/academiacienciasveterinariascyl.com\/noticias\/wp-content\/uploads\/2020\/02\/academico-de-numero-Juan-Jose-Fernandez-Dominguez-768x512.jpg 768w, https:\/\/academiacienciasveterinariascyl.com\/noticias\/wp-content\/uploads\/2020\/02\/academico-de-numero-Juan-Jose-Fernandez-Dominguez-1536x1025.jpg 1536w, https:\/\/academiacienciasveterinariascyl.com\/noticias\/wp-content\/uploads\/2020\/02\/academico-de-numero-Juan-Jose-Fernandez-Dominguez.jpg 1967w\" sizes=\"(max-width: 1024px) 100vw, 1024px\" \/><\/figure>\n\n\n\n<p>Quien pronuncio la conferencia titulada: <strong>\u201cLa Veterinaria en la Jurisprudencia Europea\u201d <\/strong><\/p>\n\n\n\n<figure class=\"wp-block-image size-large\"><img loading=\"lazy\" decoding=\"async\" width=\"1024\" height=\"683\" src=\"https:\/\/academiacienciasveterinariascyl.com\/noticias\/wp-content\/uploads\/2020\/02\/Juan-Jose-Fernandez-Dominguez-1024x683.jpg\" alt=\"\" class=\"wp-image-290\" srcset=\"https:\/\/academiacienciasveterinariascyl.com\/noticias\/wp-content\/uploads\/2020\/02\/Juan-Jose-Fernandez-Dominguez-1024x683.jpg 1024w, https:\/\/academiacienciasveterinariascyl.com\/noticias\/wp-content\/uploads\/2020\/02\/Juan-Jose-Fernandez-Dominguez-300x200.jpg 300w, https:\/\/academiacienciasveterinariascyl.com\/noticias\/wp-content\/uploads\/2020\/02\/Juan-Jose-Fernandez-Dominguez-768x512.jpg 768w, https:\/\/academiacienciasveterinariascyl.com\/noticias\/wp-content\/uploads\/2020\/02\/Juan-Jose-Fernandez-Dominguez-1536x1025.jpg 1536w, https:\/\/academiacienciasveterinariascyl.com\/noticias\/wp-content\/uploads\/2020\/02\/Juan-Jose-Fernandez-Dominguez.jpg 1967w\" sizes=\"(max-width: 1024px) 100vw, 1024px\" \/><\/figure>\n\n\n\n<p>En nombre de la Academia, la presentaci\u00f3n corresponde al Acad\u00e9mico de N\u00famero y Fundador, Excmo. Sr. Dr. D. El\u00edas Fernando Rodr\u00edguez Ferri. El Acto celebrado el 5 de febrero de 2020  en el Paraninfo Gord\u00f3n Ord\u00e1s del Edificio \u2018El Albeitar\u2019, de la Universidad de Le\u00f3n <\/p>\n\n\n\n<figure class=\"wp-block-image size-large\"><img loading=\"lazy\" decoding=\"async\" width=\"1024\" height=\"684\" src=\"https:\/\/academiacienciasveterinariascyl.com\/noticias\/wp-content\/uploads\/2020\/02\/doctor-elias-ferri-1024x684.jpg\" alt=\"\" class=\"wp-image-291\" srcset=\"https:\/\/academiacienciasveterinariascyl.com\/noticias\/wp-content\/uploads\/2020\/02\/doctor-elias-ferri-1024x684.jpg 1024w, https:\/\/academiacienciasveterinariascyl.com\/noticias\/wp-content\/uploads\/2020\/02\/doctor-elias-ferri-300x200.jpg 300w, https:\/\/academiacienciasveterinariascyl.com\/noticias\/wp-content\/uploads\/2020\/02\/doctor-elias-ferri-768x513.jpg 768w, https:\/\/academiacienciasveterinariascyl.com\/noticias\/wp-content\/uploads\/2020\/02\/doctor-elias-ferri-1536x1026.jpg 1536w, https:\/\/academiacienciasveterinariascyl.com\/noticias\/wp-content\/uploads\/2020\/02\/doctor-elias-ferri.jpg 1967w\" sizes=\"(max-width: 1024px) 100vw, 1024px\" \/><\/figure>\n","protected":false},"excerpt":{"rendered":"<p>El\u00edas F. Rodr\u00edguez Ferri, Presidente de la Academia de Ciencias Veterinarias de Castilla y Le\u00f3n. Tiene el honor de invitar a Vd. al Acto Solemne&hellip;<\/p>\n","protected":false},"author":1,"featured_media":293,"comment_status":"open","ping_status":"open","sticky":false,"template":"","format":"standard","meta":{"footnotes":""},"categories":[1],"tags":[],"_links":{"self":[{"href":"https:\/\/academiacienciasveterinariascyl.com\/noticias\/wp-json\/wp\/v2\/posts\/288"}],"collection":[{"href":"https:\/\/academiacienciasveterinariascyl.com\/noticias\/wp-json\/wp\/v2\/posts"}],"about":[{"href":"https:\/\/academiacienciasveterinariascyl.com\/noticias\/wp-json\/wp\/v2\/types\/post"}],"author":[{"embeddable":true,"href":"https:\/\/academiacienciasveterinariascyl.com\/noticias\/wp-json\/wp\/v2\/users\/1"}],"replies":[{"embeddable":true,"href":"https:\/\/academiacienciasveterinariascyl.com\/noticias\/wp-json\/wp\/v2\/comments?post=288"}],"version-history":[{"count":2,"href":"https:\/\/academiacienciasveterinariascyl.com\/noticias\/wp-json\/wp\/v2\/posts\/288\/revisions"}],"predecessor-version":[{"id":294,"href":"https:\/\/academiacienciasveterinariascyl.com\/noticias\/wp-json\/wp\/v2\/posts\/288\/revisions\/294"}],"wp:featuredmedia":[{"embeddable":true,"href":"https:\/\/academiacienciasveterinariascyl.com\/noticias\/wp-json\/wp\/v2\/media\/293"}],"wp:attachment":[{"href":"https:\/\/academiacienciasveterinariascyl.com\/noticias\/wp-json\/wp\/v2\/media?parent=288"}],"wp:term":[{"taxonomy":"category","embeddable":true,"href":"https:\/\/academiacienciasveterinariascyl.com\/noticias\/wp-json\/wp\/v2\/categories?post=288"},{"taxonomy":"post_tag","embeddable":true,"href":"https:\/\/academiacienciasveterinariascyl.com\/noticias\/wp-json\/wp\/v2\/tags?post=288"}],"curies":[{"name":"wp","href":"https:\/\/api.w.org\/{rel}","templated":true}]}}