{"id":251,"date":"2019-11-20T10:20:00","date_gmt":"2019-11-20T10:20:00","guid":{"rendered":"http:\/\/academiacienciasveterinariascyl.com\/noticias\/?p=251"},"modified":"2019-12-20T15:56:48","modified_gmt":"2019-12-20T15:56:48","slug":"toma-de-posesion-del-academico-correspondiente-dr-d-felipe-santiago-fernandez-vazquez","status":"publish","type":"post","link":"https:\/\/academiacienciasveterinariascyl.com\/noticias\/toma-de-posesion-del-academico-correspondiente-dr-d-felipe-santiago-fernandez-vazquez\/","title":{"rendered":"Toma de Posesi\u00f3n del Acad\u00e9mico Correspondiente, Dr. D. Felipe Santiago Fern\u00e1ndez V\u00e1zquez"},"content":{"rendered":"\n<figure class=\"wp-block-image size-large\"><img loading=\"lazy\" decoding=\"async\" width=\"1024\" height=\"693\" src=\"https:\/\/academiacienciasveterinariascyl.com\/noticias\/wp-content\/uploads\/2019\/12\/toma3-1024x693.jpg\" alt=\"\" class=\"wp-image-253\" srcset=\"https:\/\/academiacienciasveterinariascyl.com\/noticias\/wp-content\/uploads\/2019\/12\/toma3-1024x693.jpg 1024w, https:\/\/academiacienciasveterinariascyl.com\/noticias\/wp-content\/uploads\/2019\/12\/toma3-300x203.jpg 300w, https:\/\/academiacienciasveterinariascyl.com\/noticias\/wp-content\/uploads\/2019\/12\/toma3-768x520.jpg 768w, https:\/\/academiacienciasveterinariascyl.com\/noticias\/wp-content\/uploads\/2019\/12\/toma3-1536x1040.jpg 1536w, https:\/\/academiacienciasveterinariascyl.com\/noticias\/wp-content\/uploads\/2019\/12\/toma3.jpg 1941w\" sizes=\"(max-width: 1024px) 100vw, 1024px\" \/><\/figure>\n\n\n\n<p>Acto Solemne de Toma de Posesi\u00f3n del Acad\u00e9mico Correspondiente, Dr. D. Felipe Santiago Fern\u00e1ndez V\u00e1zquez.<\/p>\n\n\n\n<p> Quien pronunci\u00f3 la conferencia titulada: \u201cDe la Angioplastia Coronaria y la Reestenosis\u201d <\/p>\n\n\n\n<p><a rel=\"noreferrer noopener\" aria-label=\"ESCARGAR VIDEO TOMA DE POSESI\u00d3N (se abre en una nueva pesta\u00f1a)\" href=\"https:\/\/youtu.be\/gTCOLwX8Ckk\" target=\"_blank\"> VIDEO TOMA DE POSESI\u00d3N<\/a><\/p>\n\n\n\n<p>En nombre de la Academia, la presentaci\u00f3n corresponde al Acad\u00e9mico de N\u00famero, Ilmo Sr. Dr. D. Seraf\u00edn de Abajo Olea. <\/p>\n\n\n\n<figure class=\"wp-block-image size-large\"><img loading=\"lazy\" decoding=\"async\" width=\"1024\" height=\"683\" src=\"https:\/\/academiacienciasveterinariascyl.com\/noticias\/wp-content\/uploads\/2019\/12\/toma-1024x683.jpg\" alt=\"\" class=\"wp-image-252\" srcset=\"https:\/\/academiacienciasveterinariascyl.com\/noticias\/wp-content\/uploads\/2019\/12\/toma-1024x683.jpg 1024w, https:\/\/academiacienciasveterinariascyl.com\/noticias\/wp-content\/uploads\/2019\/12\/toma-300x200.jpg 300w, https:\/\/academiacienciasveterinariascyl.com\/noticias\/wp-content\/uploads\/2019\/12\/toma-768x512.jpg 768w, https:\/\/academiacienciasveterinariascyl.com\/noticias\/wp-content\/uploads\/2019\/12\/toma-1536x1025.jpg 1536w, https:\/\/academiacienciasveterinariascyl.com\/noticias\/wp-content\/uploads\/2019\/12\/toma.jpg 1967w\" sizes=\"(max-width: 1024px) 100vw, 1024px\" \/><\/figure>\n\n\n\n<p>El Acto se celebrado el  20 de noviembre de 2019  en el Paraninfo Gord\u00f3n Ord\u00e1s del Edificio \u2018El Albeitar\u2019, de la Universidad de Le\u00f3n <\/p>\n\n\n\n<figure class=\"wp-block-image size-large\"><img loading=\"lazy\" decoding=\"async\" width=\"1024\" height=\"683\" src=\"https:\/\/academiacienciasveterinariascyl.com\/noticias\/wp-content\/uploads\/2019\/12\/toma2-1024x683.jpg\" alt=\"\" class=\"wp-image-254\" srcset=\"https:\/\/academiacienciasveterinariascyl.com\/noticias\/wp-content\/uploads\/2019\/12\/toma2-1024x683.jpg 1024w, https:\/\/academiacienciasveterinariascyl.com\/noticias\/wp-content\/uploads\/2019\/12\/toma2-300x200.jpg 300w, https:\/\/academiacienciasveterinariascyl.com\/noticias\/wp-content\/uploads\/2019\/12\/toma2-768x512.jpg 768w, https:\/\/academiacienciasveterinariascyl.com\/noticias\/wp-content\/uploads\/2019\/12\/toma2-1536x1025.jpg 1536w, https:\/\/academiacienciasveterinariascyl.com\/noticias\/wp-content\/uploads\/2019\/12\/toma2.jpg 1967w\" sizes=\"(max-width: 1024px) 100vw, 1024px\" \/><\/figure>\n","protected":false},"excerpt":{"rendered":"<p>Acto Solemne de Toma de Posesi\u00f3n del Acad\u00e9mico Correspondiente, Dr. D. Felipe Santiago Fern\u00e1ndez V\u00e1zquez. Quien pronunci\u00f3 la conferencia titulada: \u201cDe la Angioplastia Coronaria y&hellip;<\/p>\n","protected":false},"author":1,"featured_media":255,"comment_status":"open","ping_status":"open","sticky":false,"template":"","format":"standard","meta":{"footnotes":""},"categories":[1],"tags":[],"_links":{"self":[{"href":"https:\/\/academiacienciasveterinariascyl.com\/noticias\/wp-json\/wp\/v2\/posts\/251"}],"collection":[{"href":"https:\/\/academiacienciasveterinariascyl.com\/noticias\/wp-json\/wp\/v2\/posts"}],"about":[{"href":"https:\/\/academiacienciasveterinariascyl.com\/noticias\/wp-json\/wp\/v2\/types\/post"}],"author":[{"embeddable":true,"href":"https:\/\/academiacienciasveterinariascyl.com\/noticias\/wp-json\/wp\/v2\/users\/1"}],"replies":[{"embeddable":true,"href":"https:\/\/academiacienciasveterinariascyl.com\/noticias\/wp-json\/wp\/v2\/comments?post=251"}],"version-history":[{"count":3,"href":"https:\/\/academiacienciasveterinariascyl.com\/noticias\/wp-json\/wp\/v2\/posts\/251\/revisions"}],"predecessor-version":[{"id":267,"href":"https:\/\/academiacienciasveterinariascyl.com\/noticias\/wp-json\/wp\/v2\/posts\/251\/revisions\/267"}],"wp:featuredmedia":[{"embeddable":true,"href":"https:\/\/academiacienciasveterinariascyl.com\/noticias\/wp-json\/wp\/v2\/media\/255"}],"wp:attachment":[{"href":"https:\/\/academiacienciasveterinariascyl.com\/noticias\/wp-json\/wp\/v2\/media?parent=251"}],"wp:term":[{"taxonomy":"category","embeddable":true,"href":"https:\/\/academiacienciasveterinariascyl.com\/noticias\/wp-json\/wp\/v2\/categories?post=251"},{"taxonomy":"post_tag","embeddable":true,"href":"https:\/\/academiacienciasveterinariascyl.com\/noticias\/wp-json\/wp\/v2\/tags?post=251"}],"curies":[{"name":"wp","href":"https:\/\/api.w.org\/{rel}","templated":true}]}}