{"id":244,"date":"2019-11-22T11:17:52","date_gmt":"2019-11-22T11:17:52","guid":{"rendered":"http:\/\/academiacienciasveterinariascyl.com\/noticias\/?p=244"},"modified":"2019-11-22T11:22:00","modified_gmt":"2019-11-22T11:22:00","slug":"convocatoria-y-bases-delpremio-colvetleon-2019-20","status":"publish","type":"post","link":"https:\/\/academiacienciasveterinariascyl.com\/noticias\/convocatoria-y-bases-delpremio-colvetleon-2019-20\/","title":{"rendered":"CONVOCATORIA Y BASES DEL PREMIO colvetleon 2019-20"},"content":{"rendered":"\n<p>Convocatoria del septimo premio de la Academia de Ciencias Veterinarias de Castilla y Le\u00f3n, patrocinado por el ilustre Colegio Oficial de Veterinarios de Le\u00f3n. <\/p>\n\n\n<p style=\"text-align: justify;\">Con esta fecha se procede a la Convocatoria y publicaci\u00f3n de las Bases de la 7\u00aa Edici\u00f3n del Premio de la Academia de Ciencias Veterinarias de Castilla y Le\u00f3n patrocinado por el Ilustre Colegio de Veterinarios de Le\u00f3n, bajo el enunciado general de Trabajo de investigaci\u00f3n o Actividades extraordinarias relacionadas con la profesi\u00f3n Veterinaria.<br \/>Bases de la Convocatoria:<\/p>\n<p style=\"text-align: justify;\">1\u00aa- El perfil de esta s\u00e9ptima Edici\u00f3n del Premio, con una dotaci\u00f3n de 1.500,0 Euros y diploma tendr\u00e1 \u00e1mbito territorial nacional.<\/p>\n<p style=\"text-align: justify;\">2\u00aa- El periodo de presentaci\u00f3n de trabajos estar\u00e1 abierto desde la fecha de publicaci\u00f3n hasta el 12 de febrero de 2020. La presentaci\u00f3n a esta convocatoria, ser\u00e1 incompatible con cualquiera otra que convoque la Academia, y se deber\u00e1 especificar expresamente que se presenta a la convocatoria del Premio patrocinado por el Ilustre Colegio Oficial de Veterinarios de Le\u00f3n.<\/p>\n<p style=\"text-align: justify;\">3\u00aa- A este premio no podr\u00e1n concurrir los Acad\u00e9micos, de cualquier tipo, de la Academia de Ciencias Veterinarias de Castilla y Le\u00f3n.<\/p>\n<p style=\"text-align: justify;\">4\u00aa- Los trabajos podr\u00e1n presentarse, indistintamente, en la sede de ambas Instituciones: Academia de Ciencias Veterinarias de Castilla y Le\u00f3n, Paseo de la Facultad de Veterinaria, n\u00ba 25. Edificio \u2018El Albeitar\u2019 24071-Le\u00f3n; Colegio Oficial de Veterinarios de Le\u00f3n, calle Fot\u00f3grafo Pepe Gracia, s\/n, bajo, 24005-Le\u00f3n.<\/p>\n<p style=\"text-align: justify;\">5\u00aa- El trabajo podr\u00e1 ser firmado por uno o m\u00e1s autores (no en el caso de tratarse de un trabajo de revisi\u00f3n), personas f\u00edsicas, espa\u00f1olas o extranjeras, y tendr\u00e1 una extensi\u00f3n no inferior\/m\u00ednima de 50 p\u00e1ginas (excluida la Bibliograf\u00eda, expuesta de acuerdo con la normativa internacional a este respecto), numeradas, escrito en tama\u00f1o DIN A-4, a una cara, con fuente Arial de 12 puntos y separaci\u00f3n entre l\u00edneas de 1,5 puntos. Adem\u00e1s, se presentar\u00e1 en formato Word o pdf (sangrado opcional, admiti\u00e9ndose un m\u00e1ximo de 6 puntos, antes o despu\u00e9s del final de p\u00e1rrafo). Se presentar\u00e1n con la memoria dos originales impresos y encuadernados y una versi\u00f3n en pdf en soporte inform\u00e1tico (CD o equivalente), con id\u00e9nticas condiciones de anonimato.<\/p>\n<p>6\u00aa- La memoria del trabajo ser\u00e1 original e in\u00e9dita. Este extremo se deber\u00e1 acreditar en declaraci\u00f3n jurada firmada por el autor\/es que deber\u00e1 acompa\u00f1ar (en el sobre cerrado) a los datos de identificaci\u00f3n y contacto del autor. No podr\u00e1, por tanto, haber sido presentada, en todo o en parte, a cualquier otra convocatoria de premio, ni haber sido publicada de forma alguna (en caso de ser comprobado este dato, se proceder\u00e1 a la revocaci\u00f3n del premio otorgado).<\/p>\n<p style=\"text-align: justify;\">7\u00aa- Si se trata de un trabajo de investigaci\u00f3n, se identificar\u00e1 el lugar de realizaci\u00f3n y se estructurar\u00e1, como habitualmente, en las siguientes partes: introducci\u00f3n, justificaci\u00f3n, objetivos, materiales y m\u00e9todos, resultados, discusi\u00f3n y conclusiones. La Bibliograf\u00eda (numerada) deber\u00e1 citarse en el texto por cualquiera de los m\u00e9todos comunes. Se acompa\u00f1ar\u00e1 un resumen, en castellano y, opcionalmente, en ingl\u00e9s. Por otra parte, si se trata de un trabajo de opini\u00f3n, de actualizaci\u00f3n, de revisi\u00f3n o de planteamientos originales, en relaci\u00f3n con el t\u00edtulo y perfil del Premio, se deber\u00e1 incluir un \u00edndice, siendo el primer apartado, necesariamente, el de justificaci\u00f3n y objetivos del trabajo. Es aplicable, igualmente, cuanto se refiere a prop\u00f3sito de la Bibliograf\u00eda.<\/p>\n<p style=\"text-align: justify;\">8\u00aa- Los originales ser\u00e1n an\u00f3nimos; se incluir\u00e1 un seud\u00f3nimo. A tal efecto, juntamente con los originales, se incluir\u00e1 un sobre identificado externamente con el seud\u00f3nimo, y en su interior, adem\u00e1s del seud\u00f3nimo, se incluir\u00e1n los datos necesarios para la identificaci\u00f3n y contacto del autor\/es (principal)(nombre, apellidos, DNI, domicilio, tel\u00e9fonos -fijo\/m\u00f3vil-, o correo electr\u00f3nico).<\/p>\n<p style=\"text-align: justify;\">9\u00aa- En el caso del trabajo que resulte premiado, se proceder\u00e1 a la apertura del sobre que contenga la clave a la que corresponde el seud\u00f3nimo y los datos de identificaci\u00f3n y contacto del autor. Solamente ser\u00e1 abierto el sobre que corresponda al trabajo premiado.<\/p>\n<p style=\"text-align: justify;\">10\u00aa- El trabajo premiado quedar\u00e1 en posesi\u00f3n de la Academia de Ciencias Veterinarias de Castilla y Le\u00f3n. La Academia y el Colegio Oficial de Veterinarios de Le\u00f3n, proceder\u00e1n a su difusi\u00f3n por los medios que estimen adecuados. En caso de que el trabajo premiado sea publicado con posterioridad, se deber\u00e1 hacer menci\u00f3n expresa de que dicho trabajo ha sido premiado en la presente convocatoria.<\/p>\n<p style=\"text-align: justify;\">11\u00aa. El Premio podr\u00e1 quedar desierto a juicio del jurado calificador. Si la calidad de los trabajos presentados as\u00ed lo hiciera aconsejable, el premio podr\u00e1 ser compartido a lo sumo con otro concursante.<\/p>\n<p>12\u00aa- Los trabajos no premiados quedar\u00e1n a disposici\u00f3n de los autores y podr\u00e1n ser retirados (previa identificaci\u00f3n del autor) en un plazo no superior\/m\u00e1ximo de un mes a partir de la fecha del anuncio del ganador de la convocatoria. Los originales no reclamados ser\u00e1n destruidos al final del dicho periodo.<\/p>\n<p style=\"text-align: justify;\">13\u00aa- El jurado del premio estar\u00e1 constituido por una comisi\u00f3n mixta Academia de Ciencias Veterinarias de Castilla y Le\u00f3n\/Colegio Oficial de Veterinarios de Le\u00f3n. Si el jurado lo estima oportuno, podr\u00e1 solicitar la opini\u00f3n de expertos, de prestigio reconocido, ajenos a ambas Instituciones, con el fin de resolver dudas o incertidumbres en relaci\u00f3n con la materia. Tal informaci\u00f3n se considerar\u00e1 reservada para uso exclusivo del Jurado.<\/p>\n<p style=\"text-align: justify;\">14\u00aa- La decisi\u00f3n del Jurado es inapelable.<\/p>\n<p style=\"text-align: justify;\">15\u00aa- El Premio ser\u00e1 entregado en la ceremonia de Apertura de Curso de la AVETCyL correspondiente al a\u00f1o 2020, el 19 de febrero.<\/p>\n<p style=\"text-align: justify;\">En Le\u00f3n, a 12 de noviembre de 2019,<br \/>Por la Academia de Ciencias Veterinarias de Castilla y Le\u00f3n,<br \/>El Secretario general, V\u00ba B\u00ba, El Presidente,<br \/>Francisco A. Rojo V\u00e1zquez El\u00edas F. Rodr\u00edguez Ferri<\/p>\n<p style=\"text-align: justify;\">Por el Colegio Oficial de Veterinarios de Le\u00f3n<br \/>EL SECRETARIO V\u00baB\u00ba El Presidente,<br \/>\u00c1lvaro Borge de Castro Luciano D\u00edez D\u00edez<\/p>\n\n\n<div class=\"wp-block-file\"><a href=\"https:\/\/academiacienciasveterinariascyl.com\/noticias\/wp-content\/uploads\/2019\/11\/CONVOCATORIA-Y-BASES-DEL-PREMIO-colvetleon-2019-20.pdf\">CONVOCATORIA-Y-BASES-DEL-PREMIO-colvetleon-2019-20<\/a><a href=\"https:\/\/academiacienciasveterinariascyl.com\/noticias\/wp-content\/uploads\/2019\/11\/CONVOCATORIA-Y-BASES-DEL-PREMIO-colvetleon-2019-20.pdf\" class=\"wp-block-file__button\" download>Descarga<\/a><\/div>\n","protected":false},"excerpt":{"rendered":"<p>Convocatoria del septimo premio de la Academia de Ciencias Veterinarias de Castilla y Le\u00f3n, patrocinado por el ilustre Colegio Oficial de Veterinarios de Le\u00f3n. Con&hellip;<\/p>\n","protected":false},"author":1,"featured_media":75,"comment_status":"open","ping_status":"open","sticky":false,"template":"","format":"standard","meta":{"footnotes":""},"categories":[1],"tags":[],"_links":{"self":[{"href":"https:\/\/academiacienciasveterinariascyl.com\/noticias\/wp-json\/wp\/v2\/posts\/244"}],"collection":[{"href":"https:\/\/academiacienciasveterinariascyl.com\/noticias\/wp-json\/wp\/v2\/posts"}],"about":[{"href":"https:\/\/academiacienciasveterinariascyl.com\/noticias\/wp-json\/wp\/v2\/types\/post"}],"author":[{"embeddable":true,"href":"https:\/\/academiacienciasveterinariascyl.com\/noticias\/wp-json\/wp\/v2\/users\/1"}],"replies":[{"embeddable":true,"href":"https:\/\/academiacienciasveterinariascyl.com\/noticias\/wp-json\/wp\/v2\/comments?post=244"}],"version-history":[{"count":3,"href":"https:\/\/academiacienciasveterinariascyl.com\/noticias\/wp-json\/wp\/v2\/posts\/244\/revisions"}],"predecessor-version":[{"id":250,"href":"https:\/\/academiacienciasveterinariascyl.com\/noticias\/wp-json\/wp\/v2\/posts\/244\/revisions\/250"}],"wp:featuredmedia":[{"embeddable":true,"href":"https:\/\/academiacienciasveterinariascyl.com\/noticias\/wp-json\/wp\/v2\/media\/75"}],"wp:attachment":[{"href":"https:\/\/academiacienciasveterinariascyl.com\/noticias\/wp-json\/wp\/v2\/media?parent=244"}],"wp:term":[{"taxonomy":"category","embeddable":true,"href":"https:\/\/academiacienciasveterinariascyl.com\/noticias\/wp-json\/wp\/v2\/categories?post=244"},{"taxonomy":"post_tag","embeddable":true,"href":"https:\/\/academiacienciasveterinariascyl.com\/noticias\/wp-json\/wp\/v2\/tags?post=244"}],"curies":[{"name":"wp","href":"https:\/\/api.w.org\/{rel}","templated":true}]}}