{"id":213,"date":"2019-11-06T17:17:22","date_gmt":"2019-11-06T17:17:22","guid":{"rendered":"http:\/\/academiacienciasveterinariascyl.com\/noticias\/?p=213"},"modified":"2019-11-20T15:06:56","modified_gmt":"2019-11-20T15:06:56","slug":"toma-de-posesion-del-academico-corespondiente-dr-d-jose-ramiro-gonzalez-montana","status":"publish","type":"post","link":"https:\/\/academiacienciasveterinariascyl.com\/noticias\/toma-de-posesion-del-academico-corespondiente-dr-d-jose-ramiro-gonzalez-montana\/","title":{"rendered":"Toma de Posesi\u00f3n del Acad\u00e9mico Corespondiente Dr. D. Jos\u00e9 Ramiro Gonz\u00e1lez Monta\u00f1a"},"content":{"rendered":"\n<figure class=\"wp-block-image\"><img loading=\"lazy\" decoding=\"async\" width=\"1024\" height=\"684\" src=\"https:\/\/academiacienciasveterinariascyl.com\/noticias\/wp-content\/uploads\/2019\/11\/jose-ramiro-1024x684.jpg\" alt=\"\" class=\"wp-image-214\" srcset=\"https:\/\/academiacienciasveterinariascyl.com\/noticias\/wp-content\/uploads\/2019\/11\/jose-ramiro-1024x684.jpg 1024w, https:\/\/academiacienciasveterinariascyl.com\/noticias\/wp-content\/uploads\/2019\/11\/jose-ramiro-300x200.jpg 300w, https:\/\/academiacienciasveterinariascyl.com\/noticias\/wp-content\/uploads\/2019\/11\/jose-ramiro-768x513.jpg 768w, https:\/\/academiacienciasveterinariascyl.com\/noticias\/wp-content\/uploads\/2019\/11\/jose-ramiro.jpg 1967w\" sizes=\"(max-width: 1024px) 100vw, 1024px\" \/><\/figure>\n\n\n\n<p>Acto Solemne de Toma de Posesi\u00f3n del Acad\u00e9mico Correspondiente, Dr. D. Jos\u00e9 Ramiro Gonz\u00e1lez Monta\u00f1a  presididdo por  Dr. D.  El\u00edas F. Rodr\u00edguez Ferri, Presidente de la Academia de Ciencias Veterinarias de Castilla y Le\u00f3n.<\/p>\n\n\n\n<p><a rel=\"noreferrer noopener\" aria-label=\"VER V\u00cdDEO TOMA DE POSESI\u00d3N (abre en una nueva pesta\u00f1a)\" href=\"https:\/\/www.youtube.com\/watch?v=q5VcE9aw0e0&amp;feature=youtu.be\" target=\"_blank\">VER V\u00cdDEO TOMA DE POSESI\u00d3N<\/a><br><\/p>\n\n\n\n<p>Quien pronuncio la conferencia titulada:<br> \u201cMetales pesados en leche, como indicadores de contaminaci\u00f3n medioambiental\u201d<\/p>\n\n\n\n<figure class=\"wp-block-image\"><img loading=\"lazy\" decoding=\"async\" width=\"1024\" height=\"683\" src=\"https:\/\/academiacienciasveterinariascyl.com\/noticias\/wp-content\/uploads\/2019\/11\/FOTO-1024x683.jpg\" alt=\"\" class=\"wp-image-215\" srcset=\"https:\/\/academiacienciasveterinariascyl.com\/noticias\/wp-content\/uploads\/2019\/11\/FOTO-1024x683.jpg 1024w, https:\/\/academiacienciasveterinariascyl.com\/noticias\/wp-content\/uploads\/2019\/11\/FOTO-300x200.jpg 300w, https:\/\/academiacienciasveterinariascyl.com\/noticias\/wp-content\/uploads\/2019\/11\/FOTO-768x512.jpg 768w, https:\/\/academiacienciasveterinariascyl.com\/noticias\/wp-content\/uploads\/2019\/11\/FOTO.jpg 1967w\" sizes=\"(max-width: 1024px) 100vw, 1024px\" \/><\/figure>\n\n\n\n<p>En nombre de la Academia, la presentaci\u00f3n corresponde a la Acad\u00e9mica de N\u00famero, Ilma Sra. Dra. D\u00f1a. Inmaculada D\u00edez Prieto.<br><\/p>\n\n\n\n<figure class=\"wp-block-image\"><img loading=\"lazy\" decoding=\"async\" width=\"1024\" height=\"684\" src=\"https:\/\/academiacienciasveterinariascyl.com\/noticias\/wp-content\/uploads\/2019\/11\/jose-ramiro-correspondiente-1024x684.jpg\" alt=\"\" class=\"wp-image-217\" srcset=\"https:\/\/academiacienciasveterinariascyl.com\/noticias\/wp-content\/uploads\/2019\/11\/jose-ramiro-correspondiente-1024x684.jpg 1024w, https:\/\/academiacienciasveterinariascyl.com\/noticias\/wp-content\/uploads\/2019\/11\/jose-ramiro-correspondiente-300x200.jpg 300w, https:\/\/academiacienciasveterinariascyl.com\/noticias\/wp-content\/uploads\/2019\/11\/jose-ramiro-correspondiente-768x513.jpg 768w, https:\/\/academiacienciasveterinariascyl.com\/noticias\/wp-content\/uploads\/2019\/11\/jose-ramiro-correspondiente.jpg 1967w\" sizes=\"(max-width: 1024px) 100vw, 1024px\" \/><\/figure>\n\n\n\n<p> El Acto se celebraro el  6 de noviembre de 2019 a las 18:30 horas en el  Paraninfo Gord\u00f3n Ord\u00e1s del Edificio \u2018El Albeitar\u2019, de la Universidad de  Le\u00f3n. <\/p>\n\n\n\n<figure class=\"wp-block-image\"><img loading=\"lazy\" decoding=\"async\" width=\"1024\" height=\"683\" src=\"https:\/\/academiacienciasveterinariascyl.com\/noticias\/wp-content\/uploads\/2019\/11\/entrega-diploma-1024x683.jpg\" alt=\"\" class=\"wp-image-216\" srcset=\"https:\/\/academiacienciasveterinariascyl.com\/noticias\/wp-content\/uploads\/2019\/11\/entrega-diploma-1024x683.jpg 1024w, https:\/\/academiacienciasveterinariascyl.com\/noticias\/wp-content\/uploads\/2019\/11\/entrega-diploma-300x200.jpg 300w, https:\/\/academiacienciasveterinariascyl.com\/noticias\/wp-content\/uploads\/2019\/11\/entrega-diploma-768x512.jpg 768w, https:\/\/academiacienciasveterinariascyl.com\/noticias\/wp-content\/uploads\/2019\/11\/entrega-diploma.jpg 1967w\" sizes=\"(max-width: 1024px) 100vw, 1024px\" \/><\/figure>\n","protected":false},"excerpt":{"rendered":"<p>Acto Solemne de Toma de Posesi\u00f3n del Acad\u00e9mico Correspondiente, Dr. D. Jos\u00e9 Ramiro Gonz\u00e1lez Monta\u00f1a presididdo por Dr. D. El\u00edas F. Rodr\u00edguez Ferri, Presidente de&hellip;<\/p>\n","protected":false},"author":1,"featured_media":219,"comment_status":"open","ping_status":"open","sticky":false,"template":"","format":"standard","meta":{"footnotes":""},"categories":[1],"tags":[],"_links":{"self":[{"href":"https:\/\/academiacienciasveterinariascyl.com\/noticias\/wp-json\/wp\/v2\/posts\/213"}],"collection":[{"href":"https:\/\/academiacienciasveterinariascyl.com\/noticias\/wp-json\/wp\/v2\/posts"}],"about":[{"href":"https:\/\/academiacienciasveterinariascyl.com\/noticias\/wp-json\/wp\/v2\/types\/post"}],"author":[{"embeddable":true,"href":"https:\/\/academiacienciasveterinariascyl.com\/noticias\/wp-json\/wp\/v2\/users\/1"}],"replies":[{"embeddable":true,"href":"https:\/\/academiacienciasveterinariascyl.com\/noticias\/wp-json\/wp\/v2\/comments?post=213"}],"version-history":[{"count":7,"href":"https:\/\/academiacienciasveterinariascyl.com\/noticias\/wp-json\/wp\/v2\/posts\/213\/revisions"}],"predecessor-version":[{"id":229,"href":"https:\/\/academiacienciasveterinariascyl.com\/noticias\/wp-json\/wp\/v2\/posts\/213\/revisions\/229"}],"wp:featuredmedia":[{"embeddable":true,"href":"https:\/\/academiacienciasveterinariascyl.com\/noticias\/wp-json\/wp\/v2\/media\/219"}],"wp:attachment":[{"href":"https:\/\/academiacienciasveterinariascyl.com\/noticias\/wp-json\/wp\/v2\/media?parent=213"}],"wp:term":[{"taxonomy":"category","embeddable":true,"href":"https:\/\/academiacienciasveterinariascyl.com\/noticias\/wp-json\/wp\/v2\/categories?post=213"},{"taxonomy":"post_tag","embeddable":true,"href":"https:\/\/academiacienciasveterinariascyl.com\/noticias\/wp-json\/wp\/v2\/tags?post=213"}],"curies":[{"name":"wp","href":"https:\/\/api.w.org\/{rel}","templated":true}]}}