{"id":193,"date":"2019-09-18T07:21:15","date_gmt":"2019-09-18T07:21:15","guid":{"rendered":"http:\/\/academiacienciasveterinariascyl.com\/noticias\/?p=193"},"modified":"2019-11-19T17:20:23","modified_gmt":"2019-11-19T17:20:23","slug":"toma-de-posesion-del-academico-correspondiente-dr-d-daniel-jose-bartolome-rodriguez","status":"publish","type":"post","link":"https:\/\/academiacienciasveterinariascyl.com\/noticias\/toma-de-posesion-del-academico-correspondiente-dr-d-daniel-jose-bartolome-rodriguez\/","title":{"rendered":"Toma de Posesi\u00f3n del Acad\u00e9mico Correspondiente,  Dr. D. Daniel Jos\u00e9 Bartolom\u00e9 Rodr\u00edguez"},"content":{"rendered":"\n<p>\n18 de septiembre de 2019 a las 18:30 horas en el Paraninfo Gord\u00f3n<br> Ord\u00e1s del Edificio \u2018El Albeitar\u2019, de la Universidad de Le\u00f3n\n\n<\/p>\n\n\n\n<ul><li><a href=\"https:\/\/youtu.be\/bxifgtl-jhM\" target=\"_blank\" rel=\"noreferrer noopener\" aria-label=\"VER VIDEO TOMA DE POSESI\u00d3N (abre en una nueva pesta\u00f1a)\">VER VIDEO TOMA DE POSESI\u00d3N<\/a><\/li><\/ul>\n\n\n\n<figure class=\"wp-block-image\"><img loading=\"lazy\" decoding=\"async\" width=\"950\" height=\"633\" src=\"https:\/\/academiacienciasveterinariascyl.com\/noticias\/wp-content\/uploads\/2019\/10\/presentacion.png\" alt=\"\" class=\"wp-image-194\" srcset=\"https:\/\/academiacienciasveterinariascyl.com\/noticias\/wp-content\/uploads\/2019\/10\/presentacion.png 950w, https:\/\/academiacienciasveterinariascyl.com\/noticias\/wp-content\/uploads\/2019\/10\/presentacion-300x200.png 300w, https:\/\/academiacienciasveterinariascyl.com\/noticias\/wp-content\/uploads\/2019\/10\/presentacion-768x512.png 768w\" sizes=\"(max-width: 950px) 100vw, 950px\" \/><\/figure>\n\n\n\n<p>En nombre de la Academia, la presentaci\u00f3n correspondi\u00f3 al Acad\u00e9mico de N\u00famero, Ilmo Sr. Dr. D. Vicente R. Gaudioso Lacasa <\/p>\n\n\n\n<figure class=\"wp-block-image\"><img loading=\"lazy\" decoding=\"async\" width=\"950\" height=\"633\" src=\"https:\/\/academiacienciasveterinariascyl.com\/noticias\/wp-content\/uploads\/2019\/10\/Daniel-Jose-Bartolome-.png\" alt=\"\" class=\"wp-image-195\" srcset=\"https:\/\/academiacienciasveterinariascyl.com\/noticias\/wp-content\/uploads\/2019\/10\/Daniel-Jose-Bartolome-.png 950w, https:\/\/academiacienciasveterinariascyl.com\/noticias\/wp-content\/uploads\/2019\/10\/Daniel-Jose-Bartolome--300x200.png 300w, https:\/\/academiacienciasveterinariascyl.com\/noticias\/wp-content\/uploads\/2019\/10\/Daniel-Jose-Bartolome--768x512.png 768w\" sizes=\"(max-width: 950px) 100vw, 950px\" \/><\/figure>\n\n\n\n<p><\/p>\n\n\n\n<p>Acto Solemne de Toma de Posesi\u00f3n del Acad\u00e9mico Correspondiente,<br> Dr. D. Daniel Jos\u00e9 Bartolom\u00e9 Rodr\u00edguez<\/p>\n\n\n\n<p><br> Quien pronunci\u00f3 la conferencia titulada:<br> \u201cInnovaci\u00f3n y Tecnolog\u00eda en la Ganader\u00eda de Lidia\u201d<br> <br><\/p>\n","protected":false},"excerpt":{"rendered":"<p>18 de septiembre de 2019 a las 18:30 horas en el Paraninfo Gord\u00f3n Ord\u00e1s del Edificio \u2018El Albeitar\u2019, de la Universidad de Le\u00f3n VER VIDEO&hellip;<\/p>\n","protected":false},"author":1,"featured_media":197,"comment_status":"open","ping_status":"open","sticky":false,"template":"","format":"standard","meta":{"footnotes":""},"categories":[1],"tags":[],"_links":{"self":[{"href":"https:\/\/academiacienciasveterinariascyl.com\/noticias\/wp-json\/wp\/v2\/posts\/193"}],"collection":[{"href":"https:\/\/academiacienciasveterinariascyl.com\/noticias\/wp-json\/wp\/v2\/posts"}],"about":[{"href":"https:\/\/academiacienciasveterinariascyl.com\/noticias\/wp-json\/wp\/v2\/types\/post"}],"author":[{"embeddable":true,"href":"https:\/\/academiacienciasveterinariascyl.com\/noticias\/wp-json\/wp\/v2\/users\/1"}],"replies":[{"embeddable":true,"href":"https:\/\/academiacienciasveterinariascyl.com\/noticias\/wp-json\/wp\/v2\/comments?post=193"}],"version-history":[{"count":5,"href":"https:\/\/academiacienciasveterinariascyl.com\/noticias\/wp-json\/wp\/v2\/posts\/193\/revisions"}],"predecessor-version":[{"id":202,"href":"https:\/\/academiacienciasveterinariascyl.com\/noticias\/wp-json\/wp\/v2\/posts\/193\/revisions\/202"}],"wp:featuredmedia":[{"embeddable":true,"href":"https:\/\/academiacienciasveterinariascyl.com\/noticias\/wp-json\/wp\/v2\/media\/197"}],"wp:attachment":[{"href":"https:\/\/academiacienciasveterinariascyl.com\/noticias\/wp-json\/wp\/v2\/media?parent=193"}],"wp:term":[{"taxonomy":"category","embeddable":true,"href":"https:\/\/academiacienciasveterinariascyl.com\/noticias\/wp-json\/wp\/v2\/categories?post=193"},{"taxonomy":"post_tag","embeddable":true,"href":"https:\/\/academiacienciasveterinariascyl.com\/noticias\/wp-json\/wp\/v2\/tags?post=193"}],"curies":[{"name":"wp","href":"https:\/\/api.w.org\/{rel}","templated":true}]}}