{"id":166,"date":"2019-06-12T12:08:45","date_gmt":"2019-06-12T12:08:45","guid":{"rendered":"http:\/\/academiacienciasveterinariascyl.com\/noticias\/?p=166"},"modified":"2019-11-19T17:21:23","modified_gmt":"2019-11-19T17:21:23","slug":"amigos-o-enemigos-murcielagos-en-el-origen-y-emergencia-de-enfermedades-infecciosas-y-zoonosis","status":"publish","type":"post","link":"https:\/\/academiacienciasveterinariascyl.com\/noticias\/amigos-o-enemigos-murcielagos-en-el-origen-y-emergencia-de-enfermedades-infecciosas-y-zoonosis\/","title":{"rendered":"\u201c\u00bfAmigos o Enemigos?. Murci\u00e9lagos en el Origen y Emergencia de Enfermedades Infecciosas y Zoonosis\u201d"},"content":{"rendered":"\n<p> Acto se celebrado el 12 de junio de 2019, a las 18:30 horas en el  Paraninfo Gord\u00f3n Ord\u00e1s del Edificio \u201cEl Albeitar\u201d, de la Universidad de  Le\u00f3n. <\/p>\n\n\n\n<p><a rel=\"noreferrer noopener\" href=\"https:\/\/youtu.be\/72Rv4TKB3l0\" target=\"_blank\">VER VIDEO CONFERENCIA<\/a><\/p>\n\n\n\n<figure class=\"wp-block-image\"><img loading=\"lazy\" decoding=\"async\" width=\"1024\" height=\"683\" src=\"https:\/\/academiacienciasveterinariascyl.com\/noticias\/wp-content\/uploads\/2019\/07\/conferencia-1024x683.jpg\" alt=\"\" class=\"wp-image-167\" srcset=\"https:\/\/academiacienciasveterinariascyl.com\/noticias\/wp-content\/uploads\/2019\/07\/conferencia-1024x683.jpg 1024w, https:\/\/academiacienciasveterinariascyl.com\/noticias\/wp-content\/uploads\/2019\/07\/conferencia-300x200.jpg 300w, https:\/\/academiacienciasveterinariascyl.com\/noticias\/wp-content\/uploads\/2019\/07\/conferencia-768x512.jpg 768w, https:\/\/academiacienciasveterinariascyl.com\/noticias\/wp-content\/uploads\/2019\/07\/conferencia.jpg 1088w\" sizes=\"(max-width: 1024px) 100vw, 1024px\" \/><\/figure>\n\n\n\n<p>Conferencia pronunciada por  el Acad\u00e9mico de N\u00famero y Fundador de la Academia de Ciencias Veterinarias de Castilla y Le\u00f3n:  Dr. El\u00edas F. Rodr\u00edguez Ferri. <br><\/p>\n\n\n\n<figure class=\"wp-block-image\"><img loading=\"lazy\" decoding=\"async\" width=\"1024\" height=\"683\" src=\"https:\/\/academiacienciasveterinariascyl.com\/noticias\/wp-content\/uploads\/2019\/07\/conferencia-Elias-F.-Rodriguez-Ferri-1024x683.jpg\" alt=\"\" class=\"wp-image-180\" srcset=\"https:\/\/academiacienciasveterinariascyl.com\/noticias\/wp-content\/uploads\/2019\/07\/conferencia-Elias-F.-Rodriguez-Ferri-1024x683.jpg 1024w, https:\/\/academiacienciasveterinariascyl.com\/noticias\/wp-content\/uploads\/2019\/07\/conferencia-Elias-F.-Rodriguez-Ferri-300x200.jpg 300w, https:\/\/academiacienciasveterinariascyl.com\/noticias\/wp-content\/uploads\/2019\/07\/conferencia-Elias-F.-Rodriguez-Ferri-768x512.jpg 768w, https:\/\/academiacienciasveterinariascyl.com\/noticias\/wp-content\/uploads\/2019\/07\/conferencia-Elias-F.-Rodriguez-Ferri.jpg 1088w\" sizes=\"(max-width: 1024px) 100vw, 1024px\" \/><\/figure>\n\n\n\n<p><\/p>\n\n\n\n<p>Con el T\u00edtulo:<\/p>\n\n\n\n<p>\u201c\u00bfAmigos o Enemigos?. Murci\u00e9lagos en el Origen y<br> Emergencia de Enfermedades Infecciosas y Zoonosis\u201d<\/p>\n\n\n\n<p><\/p>\n","protected":false},"excerpt":{"rendered":"<p>Acto se celebrado el 12 de junio de 2019, a las 18:30 horas en el Paraninfo Gord\u00f3n Ord\u00e1s del Edificio \u201cEl Albeitar\u201d, de la Universidad&hellip;<\/p>\n","protected":false},"author":1,"featured_media":168,"comment_status":"open","ping_status":"open","sticky":false,"template":"","format":"standard","meta":{"footnotes":""},"categories":[1],"tags":[],"_links":{"self":[{"href":"https:\/\/academiacienciasveterinariascyl.com\/noticias\/wp-json\/wp\/v2\/posts\/166"}],"collection":[{"href":"https:\/\/academiacienciasveterinariascyl.com\/noticias\/wp-json\/wp\/v2\/posts"}],"about":[{"href":"https:\/\/academiacienciasveterinariascyl.com\/noticias\/wp-json\/wp\/v2\/types\/post"}],"author":[{"embeddable":true,"href":"https:\/\/academiacienciasveterinariascyl.com\/noticias\/wp-json\/wp\/v2\/users\/1"}],"replies":[{"embeddable":true,"href":"https:\/\/academiacienciasveterinariascyl.com\/noticias\/wp-json\/wp\/v2\/comments?post=166"}],"version-history":[{"count":8,"href":"https:\/\/academiacienciasveterinariascyl.com\/noticias\/wp-json\/wp\/v2\/posts\/166\/revisions"}],"predecessor-version":[{"id":221,"href":"https:\/\/academiacienciasveterinariascyl.com\/noticias\/wp-json\/wp\/v2\/posts\/166\/revisions\/221"}],"wp:featuredmedia":[{"embeddable":true,"href":"https:\/\/academiacienciasveterinariascyl.com\/noticias\/wp-json\/wp\/v2\/media\/168"}],"wp:attachment":[{"href":"https:\/\/academiacienciasveterinariascyl.com\/noticias\/wp-json\/wp\/v2\/media?parent=166"}],"wp:term":[{"taxonomy":"category","embeddable":true,"href":"https:\/\/academiacienciasveterinariascyl.com\/noticias\/wp-json\/wp\/v2\/categories?post=166"},{"taxonomy":"post_tag","embeddable":true,"href":"https:\/\/academiacienciasveterinariascyl.com\/noticias\/wp-json\/wp\/v2\/tags?post=166"}],"curies":[{"name":"wp","href":"https:\/\/api.w.org\/{rel}","templated":true}]}}