{"id":149,"date":"2019-05-22T07:37:49","date_gmt":"2019-05-22T07:37:49","guid":{"rendered":"http:\/\/academiacienciasveterinariascyl.com\/noticias\/?p=149"},"modified":"2019-11-19T17:21:42","modified_gmt":"2019-11-19T17:21:42","slug":"toma-de-posesion-del-academico-correspondiente-dr-d-serafin-marcos-costilla-garcia","status":"publish","type":"post","link":"https:\/\/academiacienciasveterinariascyl.com\/noticias\/toma-de-posesion-del-academico-correspondiente-dr-d-serafin-marcos-costilla-garcia\/","title":{"rendered":"Toma de Posesi\u00f3n del Acad\u00e9mico Correspondiente, Dr. D. Seraf\u00edn Marcos Costilla Garc\u00eda"},"content":{"rendered":"\n<p>Acto celebrado el  22 de mayo de 2019 a las 18:30<a href=\"https:\/\/www.youtube.com\/watch?v=cwGMaSM6SNE&amp;t=1110s\"><\/a> horas en el Paraninfo Gord\u00f3n Ord\u00e1s del Edificio \u2018El Albeitar\u2019, de la Universidad de Le\u00f3n <\/p>\n\n\n\n<p><a rel=\"noreferrer noopener\" aria-label=\"VER VIDEO TOMA DE POSESI\u00d3N (abre en una nueva pesta\u00f1a)\" href=\"https:\/\/www.youtube.com\/watch?v=cwGMaSM6SNE&amp;feature=youtu.be\" target=\"_blank\">VER VIDEO TOMA DE POSESI\u00d3N<\/a><br><\/p>\n\n\n\n<figure class=\"wp-block-image\"><img loading=\"lazy\" decoding=\"async\" width=\"1024\" height=\"695\" src=\"https:\/\/academiacienciasveterinariascyl.com\/noticias\/wp-content\/uploads\/2019\/05\/toma-de-posesion-academia-de-ciencias-veterinarias-1024x695.png\" alt=\"\" class=\"wp-image-151\" srcset=\"https:\/\/academiacienciasveterinariascyl.com\/noticias\/wp-content\/uploads\/2019\/05\/toma-de-posesion-academia-de-ciencias-veterinarias-1024x695.png 1024w, https:\/\/academiacienciasveterinariascyl.com\/noticias\/wp-content\/uploads\/2019\/05\/toma-de-posesion-academia-de-ciencias-veterinarias-300x203.png 300w, https:\/\/academiacienciasveterinariascyl.com\/noticias\/wp-content\/uploads\/2019\/05\/toma-de-posesion-academia-de-ciencias-veterinarias-768x521.png 768w, https:\/\/academiacienciasveterinariascyl.com\/noticias\/wp-content\/uploads\/2019\/05\/toma-de-posesion-academia-de-ciencias-veterinarias.png 1066w\" sizes=\"(max-width: 1024px) 100vw, 1024px\" \/><\/figure>\n\n\n\n<p> En nombre de la Academia, la presentaci\u00f3n corresponde al Acad\u00e9mico de  N\u00famero, Ilmo. Sr. Dr. D. Juan Carlos Dom\u00ednguez Fern\u00e1ndez de Tejerina <\/p>\n\n\n\n<figure class=\"wp-block-image\"><img loading=\"lazy\" decoding=\"async\" width=\"1024\" height=\"682\" src=\"https:\/\/academiacienciasveterinariascyl.com\/noticias\/wp-content\/uploads\/2019\/05\/Juan-Carlos-Dominguez-Fernandez-de-Tejerina-1024x682.png\" alt=\"\" class=\"wp-image-150\" srcset=\"https:\/\/academiacienciasveterinariascyl.com\/noticias\/wp-content\/uploads\/2019\/05\/Juan-Carlos-Dominguez-Fernandez-de-Tejerina-1024x682.png 1024w, https:\/\/academiacienciasveterinariascyl.com\/noticias\/wp-content\/uploads\/2019\/05\/Juan-Carlos-Dominguez-Fernandez-de-Tejerina-300x200.png 300w, https:\/\/academiacienciasveterinariascyl.com\/noticias\/wp-content\/uploads\/2019\/05\/Juan-Carlos-Dominguez-Fernandez-de-Tejerina-768x512.png 768w, https:\/\/academiacienciasveterinariascyl.com\/noticias\/wp-content\/uploads\/2019\/05\/Juan-Carlos-Dominguez-Fernandez-de-Tejerina.png 1066w\" sizes=\"(max-width: 1024px) 100vw, 1024px\" \/><\/figure>\n\n\n\n<p>Toma de Posesi\u00f3n del Acad\u00e9mico Correspondiente, Dr. D. Seraf\u00edn Marcos  Costilla Garc\u00eda  Quien pronunciar\u00e1 la conferencia titulada:<\/p>\n\n\n\n<p> \u201c50 A\u00f1os de Radiolog\u00eda. Entre Grises y Color, del Diagn\u00f3stico a la Intervenci\u00f3n\u201d<\/p>\n\n\n\n<figure class=\"wp-block-image\"><img loading=\"lazy\" decoding=\"async\" width=\"1024\" height=\"683\" src=\"https:\/\/academiacienciasveterinariascyl.com\/noticias\/wp-content\/uploads\/2019\/05\/Dr-Serafin-Marcos-Costilla-Garcia-discurso-toma-de-posesion-academia-de-ciencias-veterinarias-de-castilla-y-leon-1024x683.png\" alt=\"\" class=\"wp-image-152\" srcset=\"https:\/\/academiacienciasveterinariascyl.com\/noticias\/wp-content\/uploads\/2019\/05\/Dr-Serafin-Marcos-Costilla-Garcia-discurso-toma-de-posesion-academia-de-ciencias-veterinarias-de-castilla-y-leon-1024x683.png 1024w, https:\/\/academiacienciasveterinariascyl.com\/noticias\/wp-content\/uploads\/2019\/05\/Dr-Serafin-Marcos-Costilla-Garcia-discurso-toma-de-posesion-academia-de-ciencias-veterinarias-de-castilla-y-leon-300x200.png 300w, https:\/\/academiacienciasveterinariascyl.com\/noticias\/wp-content\/uploads\/2019\/05\/Dr-Serafin-Marcos-Costilla-Garcia-discurso-toma-de-posesion-academia-de-ciencias-veterinarias-de-castilla-y-leon-768x512.png 768w, https:\/\/academiacienciasveterinariascyl.com\/noticias\/wp-content\/uploads\/2019\/05\/Dr-Serafin-Marcos-Costilla-Garcia-discurso-toma-de-posesion-academia-de-ciencias-veterinarias-de-castilla-y-leon.png 1066w\" sizes=\"(max-width: 1024px) 100vw, 1024px\" \/><\/figure>\n","protected":false},"excerpt":{"rendered":"<p>Acto celebrado el 22 de mayo de 2019 a las 18:30 horas en el Paraninfo Gord\u00f3n Ord\u00e1s del Edificio \u2018El Albeitar\u2019, de la Universidad de&hellip;<\/p>\n","protected":false},"author":1,"featured_media":154,"comment_status":"open","ping_status":"open","sticky":false,"template":"","format":"standard","meta":{"footnotes":""},"categories":[1],"tags":[],"_links":{"self":[{"href":"https:\/\/academiacienciasveterinariascyl.com\/noticias\/wp-json\/wp\/v2\/posts\/149"}],"collection":[{"href":"https:\/\/academiacienciasveterinariascyl.com\/noticias\/wp-json\/wp\/v2\/posts"}],"about":[{"href":"https:\/\/academiacienciasveterinariascyl.com\/noticias\/wp-json\/wp\/v2\/types\/post"}],"author":[{"embeddable":true,"href":"https:\/\/academiacienciasveterinariascyl.com\/noticias\/wp-json\/wp\/v2\/users\/1"}],"replies":[{"embeddable":true,"href":"https:\/\/academiacienciasveterinariascyl.com\/noticias\/wp-json\/wp\/v2\/comments?post=149"}],"version-history":[{"count":3,"href":"https:\/\/academiacienciasveterinariascyl.com\/noticias\/wp-json\/wp\/v2\/posts\/149\/revisions"}],"predecessor-version":[{"id":199,"href":"https:\/\/academiacienciasveterinariascyl.com\/noticias\/wp-json\/wp\/v2\/posts\/149\/revisions\/199"}],"wp:featuredmedia":[{"embeddable":true,"href":"https:\/\/academiacienciasveterinariascyl.com\/noticias\/wp-json\/wp\/v2\/media\/154"}],"wp:attachment":[{"href":"https:\/\/academiacienciasveterinariascyl.com\/noticias\/wp-json\/wp\/v2\/media?parent=149"}],"wp:term":[{"taxonomy":"category","embeddable":true,"href":"https:\/\/academiacienciasveterinariascyl.com\/noticias\/wp-json\/wp\/v2\/categories?post=149"},{"taxonomy":"post_tag","embeddable":true,"href":"https:\/\/academiacienciasveterinariascyl.com\/noticias\/wp-json\/wp\/v2\/tags?post=149"}],"curies":[{"name":"wp","href":"https:\/\/api.w.org\/{rel}","templated":true}]}}