{"id":132,"date":"2019-04-10T00:30:13","date_gmt":"2019-04-10T00:30:13","guid":{"rendered":"http:\/\/academiacienciasveterinariascyl.com\/noticias\/?p=132"},"modified":"2019-11-19T17:22:20","modified_gmt":"2019-11-19T17:22:20","slug":"toma-de-posesion-del-academica-correspondiente-de-dra-dna-marta-hernandez-perez","status":"publish","type":"post","link":"https:\/\/academiacienciasveterinariascyl.com\/noticias\/toma-de-posesion-del-academica-correspondiente-de-dra-dna-marta-hernandez-perez\/","title":{"rendered":"Toma de Posesi\u00f3n de la Acad\u00e9mica Correspondiente de Dra. D\u00f1a. Marta Hern\u00e1ndez P\u00e9rez"},"content":{"rendered":"\n<p> Acto celebrado el 10 de abril de 2019 a las 18:30 horas. Paraninfo Gord\u00f3n Ord\u00e1s del Edificio \u2018El Albeitar\u2019, de la Universidad de Le\u00f3n. <br><\/p>\n\n\n\n<p><a href=\"https:\/\/youtu.be\/53vhNkFB2Fw\" target=\"_blank\" rel=\"noreferrer noopener\" aria-label=\"VER VIDEO DE TOMA DE POSESI\u00d3N (abre en una nueva pesta\u00f1a)\">VER VIDEO DE TOMA DE POSESI\u00d3N<\/a><\/p>\n\n\n\n<p>Acto Solemne de Toma de Posesi\u00f3n de la Acad\u00e9mica Correspondiente de Dra. D\u00f1a. Marta Hern\u00e1ndez P\u00e9rez. <\/p>\n\n\n\n<p><\/p>\n\n\n\n<figure class=\"wp-block-image\"><img loading=\"lazy\" decoding=\"async\" width=\"1024\" height=\"683\" src=\"https:\/\/academiacienciasveterinariascyl.com\/noticias\/wp-content\/uploads\/2019\/04\/presentacion-1024x683.jpg\" alt=\"\" class=\"wp-image-133\" srcset=\"https:\/\/academiacienciasveterinariascyl.com\/noticias\/wp-content\/uploads\/2019\/04\/presentacion-1024x683.jpg 1024w, https:\/\/academiacienciasveterinariascyl.com\/noticias\/wp-content\/uploads\/2019\/04\/presentacion-300x200.jpg 300w, https:\/\/academiacienciasveterinariascyl.com\/noticias\/wp-content\/uploads\/2019\/04\/presentacion-768x512.jpg 768w, https:\/\/academiacienciasveterinariascyl.com\/noticias\/wp-content\/uploads\/2019\/04\/presentacion.jpg 1089w\" sizes=\"(max-width: 1024px) 100vw, 1024px\" \/><\/figure>\n\n\n\n<p>En nombre de la Academia, la presentaci\u00f3n correspondi\u00f3 al Acad\u00e9mico de N\u00famero, Ilmo Sr. Dr. D. Jos\u00e9 Mar\u00eda Eiros Bouza<\/p>\n\n\n\n<p><br><\/p>\n\n\n\n<figure class=\"wp-block-image\"><img loading=\"lazy\" decoding=\"async\" width=\"1024\" height=\"683\" src=\"https:\/\/academiacienciasveterinariascyl.com\/noticias\/wp-content\/uploads\/2019\/04\/discurso-ingreso-academica-correspondiente-1024x683.jpg\" alt=\"\" class=\"wp-image-134\" srcset=\"https:\/\/academiacienciasveterinariascyl.com\/noticias\/wp-content\/uploads\/2019\/04\/discurso-ingreso-academica-correspondiente-1024x683.jpg 1024w, https:\/\/academiacienciasveterinariascyl.com\/noticias\/wp-content\/uploads\/2019\/04\/discurso-ingreso-academica-correspondiente-300x200.jpg 300w, https:\/\/academiacienciasveterinariascyl.com\/noticias\/wp-content\/uploads\/2019\/04\/discurso-ingreso-academica-correspondiente-768x512.jpg 768w, https:\/\/academiacienciasveterinariascyl.com\/noticias\/wp-content\/uploads\/2019\/04\/discurso-ingreso-academica-correspondiente.jpg 1089w\" sizes=\"(max-width: 1024px) 100vw, 1024px\" \/><\/figure>\n\n\n\n<p> Discurso de la Acad\u00e9mica Correspondiente de Dra. D\u00f1a. Marta Hern\u00e1ndez P\u00e9rez.  <\/p>\n\n\n\n<p>Quien pronunci\u00f3 la conferencia titulada:<br> \u201cMicrobioma: un mundo interior\u201d<\/p>\n\n\n\n<p><br><\/p>\n","protected":false},"excerpt":{"rendered":"<p>Acto celebrado el 10 de abril de 2019 a las 18:30 horas. Paraninfo Gord\u00f3n Ord\u00e1s del Edificio \u2018El Albeitar\u2019, de la Universidad de Le\u00f3n. VER&hellip;<\/p>\n","protected":false},"author":1,"featured_media":135,"comment_status":"open","ping_status":"open","sticky":false,"template":"","format":"standard","meta":{"footnotes":""},"categories":[1],"tags":[6,7],"_links":{"self":[{"href":"https:\/\/academiacienciasveterinariascyl.com\/noticias\/wp-json\/wp\/v2\/posts\/132"}],"collection":[{"href":"https:\/\/academiacienciasveterinariascyl.com\/noticias\/wp-json\/wp\/v2\/posts"}],"about":[{"href":"https:\/\/academiacienciasveterinariascyl.com\/noticias\/wp-json\/wp\/v2\/types\/post"}],"author":[{"embeddable":true,"href":"https:\/\/academiacienciasveterinariascyl.com\/noticias\/wp-json\/wp\/v2\/users\/1"}],"replies":[{"embeddable":true,"href":"https:\/\/academiacienciasveterinariascyl.com\/noticias\/wp-json\/wp\/v2\/comments?post=132"}],"version-history":[{"count":7,"href":"https:\/\/academiacienciasveterinariascyl.com\/noticias\/wp-json\/wp\/v2\/posts\/132\/revisions"}],"predecessor-version":[{"id":159,"href":"https:\/\/academiacienciasveterinariascyl.com\/noticias\/wp-json\/wp\/v2\/posts\/132\/revisions\/159"}],"wp:featuredmedia":[{"embeddable":true,"href":"https:\/\/academiacienciasveterinariascyl.com\/noticias\/wp-json\/wp\/v2\/media\/135"}],"wp:attachment":[{"href":"https:\/\/academiacienciasveterinariascyl.com\/noticias\/wp-json\/wp\/v2\/media?parent=132"}],"wp:term":[{"taxonomy":"category","embeddable":true,"href":"https:\/\/academiacienciasveterinariascyl.com\/noticias\/wp-json\/wp\/v2\/categories?post=132"},{"taxonomy":"post_tag","embeddable":true,"href":"https:\/\/academiacienciasveterinariascyl.com\/noticias\/wp-json\/wp\/v2\/tags?post=132"}],"curies":[{"name":"wp","href":"https:\/\/api.w.org\/{rel}","templated":true}]}}