{"id":125,"date":"2019-03-22T19:08:00","date_gmt":"2019-03-22T19:08:00","guid":{"rendered":"http:\/\/academiacienciasveterinariascyl.com\/noticias\/?p=125"},"modified":"2019-11-19T17:22:37","modified_gmt":"2019-11-19T17:22:37","slug":"toma-de-posesion-del-academico-de-numero-ilmo-sr-dr-d-jose-maria-eiros-bouza","status":"publish","type":"post","link":"https:\/\/academiacienciasveterinariascyl.com\/noticias\/toma-de-posesion-del-academico-de-numero-ilmo-sr-dr-d-jose-maria-eiros-bouza\/","title":{"rendered":"Toma de Posesi\u00f3n del Acad\u00e9mico de N\u00famero: Ilmo. Sr. Dr. D. Jos\u00e9 Mar\u00eda Eiros Bouza"},"content":{"rendered":"\n<p> Acto celebrado el 20 de marzo de 2019 a las 18:30 horas. Paraninfo Gord\u00f3n Ord\u00e1s del Edificio \u2018El Albeitar\u2019, de la Universidad de Le\u00f3n<\/p>\n\n\n\n<p><a rel=\"noreferrer noopener\" aria-label=\"ER VIDEO TOMA DE POSESI\u00d3N (abre en una nueva pesta\u00f1a)\" href=\"https:\/\/youtu.be\/p9nyztOudgY\" target=\"_blank\">VER VIDEO TOMA DE POSESI\u00d3N<\/a><\/p>\n\n\n\n<figure class=\"wp-block-image\"><img loading=\"lazy\" decoding=\"async\" width=\"800\" height=\"533\" src=\"https:\/\/academiacienciasveterinariascyl.com\/noticias\/wp-content\/uploads\/2019\/03\/Jos\u00e9-Mar\u00eda-Eiros-Bouza-converencia.jpg\" alt=\"\" class=\"wp-image-126\" srcset=\"https:\/\/academiacienciasveterinariascyl.com\/noticias\/wp-content\/uploads\/2019\/03\/Jos\u00e9-Mar\u00eda-Eiros-Bouza-converencia.jpg 800w, https:\/\/academiacienciasveterinariascyl.com\/noticias\/wp-content\/uploads\/2019\/03\/Jos\u00e9-Mar\u00eda-Eiros-Bouza-converencia-300x200.jpg 300w, https:\/\/academiacienciasveterinariascyl.com\/noticias\/wp-content\/uploads\/2019\/03\/Jos\u00e9-Mar\u00eda-Eiros-Bouza-converencia-768x512.jpg 768w\" sizes=\"(max-width: 800px) 100vw, 800px\" \/><\/figure>\n\n\n\n<p>Acto Solemne de Toma de Posesi\u00f3n del Acad\u00e9mico de N\u00famero. Dr. D. Jos\u00e9 Mar\u00eda Eiros Bouza<\/p>\n\n\n\n<p>Quien pronuncio el discurso:<\/p>\n\n\n\n<p>\u00abLa pandemia de gripe de 1918. Reflexiones en su centenario\u00bb<\/p>\n\n\n\n<p>En nombre de la Academia, la contestaci\u00f3n y laudatio corresponden al Acad\u00e9mico de N\u00famero y Fundador Excmo Sr. Dr. D. El\u00edas F. Rodr\u00edguez Ferri.<\/p>\n\n\n\n<figure class=\"wp-block-image\"><img loading=\"lazy\" decoding=\"async\" width=\"800\" height=\"536\" src=\"https:\/\/academiacienciasveterinariascyl.com\/noticias\/wp-content\/uploads\/2019\/03\/Jos\u00e9-Mar\u00eda-Eiros-Bouza-toma-de-posesion.jpg\" alt=\"\" class=\"wp-image-127\" srcset=\"https:\/\/academiacienciasveterinariascyl.com\/noticias\/wp-content\/uploads\/2019\/03\/Jos\u00e9-Mar\u00eda-Eiros-Bouza-toma-de-posesion.jpg 800w, https:\/\/academiacienciasveterinariascyl.com\/noticias\/wp-content\/uploads\/2019\/03\/Jos\u00e9-Mar\u00eda-Eiros-Bouza-toma-de-posesion-300x201.jpg 300w, https:\/\/academiacienciasveterinariascyl.com\/noticias\/wp-content\/uploads\/2019\/03\/Jos\u00e9-Mar\u00eda-Eiros-Bouza-toma-de-posesion-768x515.jpg 768w\" sizes=\"(max-width: 800px) 100vw, 800px\" \/><\/figure>\n","protected":false},"excerpt":{"rendered":"<p>Acto celebrado el 20 de marzo de 2019 a las 18:30 horas. Paraninfo Gord\u00f3n Ord\u00e1s del Edificio \u2018El Albeitar\u2019, de la Universidad de Le\u00f3n VER&hellip;<\/p>\n","protected":false},"author":1,"featured_media":128,"comment_status":"open","ping_status":"open","sticky":false,"template":"","format":"standard","meta":{"footnotes":""},"categories":[1],"tags":[],"_links":{"self":[{"href":"https:\/\/academiacienciasveterinariascyl.com\/noticias\/wp-json\/wp\/v2\/posts\/125"}],"collection":[{"href":"https:\/\/academiacienciasveterinariascyl.com\/noticias\/wp-json\/wp\/v2\/posts"}],"about":[{"href":"https:\/\/academiacienciasveterinariascyl.com\/noticias\/wp-json\/wp\/v2\/types\/post"}],"author":[{"embeddable":true,"href":"https:\/\/academiacienciasveterinariascyl.com\/noticias\/wp-json\/wp\/v2\/users\/1"}],"replies":[{"embeddable":true,"href":"https:\/\/academiacienciasveterinariascyl.com\/noticias\/wp-json\/wp\/v2\/comments?post=125"}],"version-history":[{"count":3,"href":"https:\/\/academiacienciasveterinariascyl.com\/noticias\/wp-json\/wp\/v2\/posts\/125\/revisions"}],"predecessor-version":[{"id":161,"href":"https:\/\/academiacienciasveterinariascyl.com\/noticias\/wp-json\/wp\/v2\/posts\/125\/revisions\/161"}],"wp:featuredmedia":[{"embeddable":true,"href":"https:\/\/academiacienciasveterinariascyl.com\/noticias\/wp-json\/wp\/v2\/media\/128"}],"wp:attachment":[{"href":"https:\/\/academiacienciasveterinariascyl.com\/noticias\/wp-json\/wp\/v2\/media?parent=125"}],"wp:term":[{"taxonomy":"category","embeddable":true,"href":"https:\/\/academiacienciasveterinariascyl.com\/noticias\/wp-json\/wp\/v2\/categories?post=125"},{"taxonomy":"post_tag","embeddable":true,"href":"https:\/\/academiacienciasveterinariascyl.com\/noticias\/wp-json\/wp\/v2\/tags?post=125"}],"curies":[{"name":"wp","href":"https:\/\/api.w.org\/{rel}","templated":true}]}}