{"id":118,"date":"2019-03-15T09:30:04","date_gmt":"2019-03-15T09:30:04","guid":{"rendered":"http:\/\/academiacienciasveterinariascyl.com\/noticias\/?p=118"},"modified":"2019-11-19T17:22:55","modified_gmt":"2019-11-19T17:22:55","slug":"acto-de-toma-de-posesion-como-academico-de-honor-de-d-luis-garcia-zurdo","status":"publish","type":"post","link":"https:\/\/academiacienciasveterinariascyl.com\/noticias\/acto-de-toma-de-posesion-como-academico-de-honor-de-d-luis-garcia-zurdo\/","title":{"rendered":"Acto de Toma de Posesi\u00f3n como Acad\u00e9mico de Honor de D. Luis Garc\u00eda Zurdo"},"content":{"rendered":"\n<p> Acto celebrado el Viernes, 15 de marzo, a las 21 horas, en la Real Colegiata de San  Isidoro, con arreglo al siguiente Orden del D\u00eda: <\/p>\n\n\n\n<p><a href=\"https:\/\/www.youtube.com\/watch?v=BXjENZ9OQWM\" target=\"_blank\" rel=\"noreferrer noopener\" aria-label=\" (abre en una nueva pesta\u00f1a)\">VER VIDEO DE TOMA DE POSESI\u00d3N<\/a><\/p>\n\n\n\n<figure class=\"wp-block-image\"><img loading=\"lazy\" decoding=\"async\" width=\"800\" height=\"533\" src=\"https:\/\/academiacienciasveterinariascyl.com\/noticias\/wp-content\/uploads\/2019\/03\/ZURDO1.jpg\" alt=\"\" class=\"wp-image-119\" srcset=\"https:\/\/academiacienciasveterinariascyl.com\/noticias\/wp-content\/uploads\/2019\/03\/ZURDO1.jpg 800w, https:\/\/academiacienciasveterinariascyl.com\/noticias\/wp-content\/uploads\/2019\/03\/ZURDO1-300x200.jpg 300w, https:\/\/academiacienciasveterinariascyl.com\/noticias\/wp-content\/uploads\/2019\/03\/ZURDO1-768x512.jpg 768w\" sizes=\"(max-width: 800px) 100vw, 800px\" \/><\/figure>\n\n\n\n<p> Acto Solemne de Toma de Posesi\u00f3n como Acad\u00e9mico de Honor, imposici\u00f3n de la Medalla e Insignia, y  entrega del Diploma de  Acad\u00e9mico, al Excmo. Sr. D. LUIS GARCIA ZURDO <\/p>\n\n\n\n<figure class=\"wp-block-image\"><img loading=\"lazy\" decoding=\"async\" width=\"799\" height=\"533\" src=\"https:\/\/academiacienciasveterinariascyl.com\/noticias\/wp-content\/uploads\/2019\/03\/ZURDO.jpg\" alt=\"\" class=\"wp-image-120\" srcset=\"https:\/\/academiacienciasveterinariascyl.com\/noticias\/wp-content\/uploads\/2019\/03\/ZURDO.jpg 799w, https:\/\/academiacienciasveterinariascyl.com\/noticias\/wp-content\/uploads\/2019\/03\/ZURDO-300x200.jpg 300w, https:\/\/academiacienciasveterinariascyl.com\/noticias\/wp-content\/uploads\/2019\/03\/ZURDO-768x512.jpg 768w\" sizes=\"(max-width: 799px) 100vw, 799px\" \/><\/figure>\n\n\n\n<p>1. Lectura del Acta de Nombramiento del Excmo. Sr. D. Luis Garc\u00eda  Zurdo,como Acad\u00e9mico de Honor de la Academia de Ciencias Veterinarias de  Castilla y Le\u00f3n. <\/p>\n\n\n\n<p>2. Imposici\u00f3n de la Medalla de Acad\u00e9mico y entrega de la insignia y el  Diploma acreditativos. <\/p>\n\n\n\n<p>3. Palabras del Presidente de la Academia de Ciencias Veterinarias de  Castilla y Le\u00f3n\u00bb. <\/p>\n","protected":false},"excerpt":{"rendered":"<p>Acto celebrado el Viernes, 15 de marzo, a las 21 horas, en la Real Colegiata de San Isidoro, con arreglo al siguiente Orden del D\u00eda:&hellip;<\/p>\n","protected":false},"author":1,"featured_media":121,"comment_status":"open","ping_status":"open","sticky":false,"template":"","format":"standard","meta":{"footnotes":""},"categories":[1],"tags":[],"_links":{"self":[{"href":"https:\/\/academiacienciasveterinariascyl.com\/noticias\/wp-json\/wp\/v2\/posts\/118"}],"collection":[{"href":"https:\/\/academiacienciasveterinariascyl.com\/noticias\/wp-json\/wp\/v2\/posts"}],"about":[{"href":"https:\/\/academiacienciasveterinariascyl.com\/noticias\/wp-json\/wp\/v2\/types\/post"}],"author":[{"embeddable":true,"href":"https:\/\/academiacienciasveterinariascyl.com\/noticias\/wp-json\/wp\/v2\/users\/1"}],"replies":[{"embeddable":true,"href":"https:\/\/academiacienciasveterinariascyl.com\/noticias\/wp-json\/wp\/v2\/comments?post=118"}],"version-history":[{"count":4,"href":"https:\/\/academiacienciasveterinariascyl.com\/noticias\/wp-json\/wp\/v2\/posts\/118\/revisions"}],"predecessor-version":[{"id":162,"href":"https:\/\/academiacienciasveterinariascyl.com\/noticias\/wp-json\/wp\/v2\/posts\/118\/revisions\/162"}],"wp:featuredmedia":[{"embeddable":true,"href":"https:\/\/academiacienciasveterinariascyl.com\/noticias\/wp-json\/wp\/v2\/media\/121"}],"wp:attachment":[{"href":"https:\/\/academiacienciasveterinariascyl.com\/noticias\/wp-json\/wp\/v2\/media?parent=118"}],"wp:term":[{"taxonomy":"category","embeddable":true,"href":"https:\/\/academiacienciasveterinariascyl.com\/noticias\/wp-json\/wp\/v2\/categories?post=118"},{"taxonomy":"post_tag","embeddable":true,"href":"https:\/\/academiacienciasveterinariascyl.com\/noticias\/wp-json\/wp\/v2\/tags?post=118"}],"curies":[{"name":"wp","href":"https:\/\/api.w.org\/{rel}","templated":true}]}}