{"id":106,"date":"2019-03-06T16:20:56","date_gmt":"2019-03-06T16:20:56","guid":{"rendered":"http:\/\/academiacienciasveterinariascyl.com\/noticias\/?p=106"},"modified":"2019-11-19T17:23:20","modified_gmt":"2019-11-19T17:23:20","slug":"toma-de-posesion-del-academico-correspondiente-dr-d-francisco-javier-tejedor-martin","status":"publish","type":"post","link":"https:\/\/academiacienciasveterinariascyl.com\/noticias\/toma-de-posesion-del-academico-correspondiente-dr-d-francisco-javier-tejedor-martin\/","title":{"rendered":"Toma de Posesi\u00f3n del Acad\u00e9mico Correspondiente Dr. D. Francisco Javier Tejedor Mart\u00edn"},"content":{"rendered":"\n<p>Acto celebrado el 6 de marzo de 2019 a las 18:30 horas en el Paraninfo Gord\u00f3n Ord\u00e1s del Edificio \u2018El Albeitar\u2019, de la Universidad de Le\u00f3n<\/p>\n\n\n\n<p><a href=\"https:\/\/youtu.be\/saVv5o9OUQk\" target=\"_blank\" rel=\"noreferrer noopener\" aria-label=\"VER VIDEO TOMA DE POSESI\u00d3N (abre en una nueva pesta\u00f1a)\">VER VIDEO TOMA DE POSESI\u00d3N<\/a><\/p>\n\n\n\n<figure class=\"wp-block-image\"><img loading=\"lazy\" decoding=\"async\" width=\"800\" height=\"533\" src=\"https:\/\/academiacienciasveterinariascyl.com\/noticias\/wp-content\/uploads\/2019\/03\/Image00004.jpg\" alt=\"\" class=\"wp-image-108\" srcset=\"https:\/\/academiacienciasveterinariascyl.com\/noticias\/wp-content\/uploads\/2019\/03\/Image00004.jpg 800w, https:\/\/academiacienciasveterinariascyl.com\/noticias\/wp-content\/uploads\/2019\/03\/Image00004-300x200.jpg 300w, https:\/\/academiacienciasveterinariascyl.com\/noticias\/wp-content\/uploads\/2019\/03\/Image00004-768x512.jpg 768w\" sizes=\"(max-width: 800px) 100vw, 800px\" \/><\/figure>\n\n\n\n<p>El\u00edas F. Rodr\u00edguez Ferri, Presidente de la Academia de Ciencias Veterinarias de Castilla y Le\u00f3n presidio el acto de  Acto Solemne de Toma de Posesi\u00f3n del Acad\u00e9mico Correspondiente, Dr. D. Francisco Javier Tejedor Mart\u00edn.<\/p>\n\n\n\n<p><br>Quien pronuncio la conferencia titulada:<br>\u201cElementos de Seguridad Alimentaria en la Producci\u00f3n de Piensos\u201d<\/p>\n\n\n\n<figure class=\"wp-block-image\"><img loading=\"lazy\" decoding=\"async\" width=\"800\" height=\"533\" src=\"https:\/\/academiacienciasveterinariascyl.com\/noticias\/wp-content\/uploads\/2019\/03\/Image00002.jpg\" alt=\"\" class=\"wp-image-109\" srcset=\"https:\/\/academiacienciasveterinariascyl.com\/noticias\/wp-content\/uploads\/2019\/03\/Image00002.jpg 800w, https:\/\/academiacienciasveterinariascyl.com\/noticias\/wp-content\/uploads\/2019\/03\/Image00002-300x200.jpg 300w, https:\/\/academiacienciasveterinariascyl.com\/noticias\/wp-content\/uploads\/2019\/03\/Image00002-768x512.jpg 768w\" sizes=\"(max-width: 800px) 100vw, 800px\" \/><\/figure>\n\n\n\n<p>En nombre de la Academia, la presentaci\u00f3n correspondi\u00f3 al Acad\u00e9mico de N\u00famero, Excmo. Sr. Dr. D. Vicente Gonz\u00e1lez Eguren.<\/p>\n\n\n\n<figure class=\"wp-block-image\"><img loading=\"lazy\" decoding=\"async\" width=\"800\" height=\"533\" src=\"https:\/\/academiacienciasveterinariascyl.com\/noticias\/wp-content\/uploads\/2019\/03\/Image00005.jpg\" alt=\"\" class=\"wp-image-110\" srcset=\"https:\/\/academiacienciasveterinariascyl.com\/noticias\/wp-content\/uploads\/2019\/03\/Image00005.jpg 800w, https:\/\/academiacienciasveterinariascyl.com\/noticias\/wp-content\/uploads\/2019\/03\/Image00005-300x200.jpg 300w, https:\/\/academiacienciasveterinariascyl.com\/noticias\/wp-content\/uploads\/2019\/03\/Image00005-768x512.jpg 768w\" sizes=\"(max-width: 800px) 100vw, 800px\" \/><\/figure>\n","protected":false},"excerpt":{"rendered":"<p>Acto celebrado el 6 de marzo de 2019 a las 18:30 horas en el Paraninfo Gord\u00f3n Ord\u00e1s del Edificio \u2018El Albeitar\u2019, de la Universidad de&hellip;<\/p>\n","protected":false},"author":1,"featured_media":107,"comment_status":"open","ping_status":"open","sticky":false,"template":"","format":"standard","meta":{"footnotes":""},"categories":[1],"tags":[],"_links":{"self":[{"href":"https:\/\/academiacienciasveterinariascyl.com\/noticias\/wp-json\/wp\/v2\/posts\/106"}],"collection":[{"href":"https:\/\/academiacienciasveterinariascyl.com\/noticias\/wp-json\/wp\/v2\/posts"}],"about":[{"href":"https:\/\/academiacienciasveterinariascyl.com\/noticias\/wp-json\/wp\/v2\/types\/post"}],"author":[{"embeddable":true,"href":"https:\/\/academiacienciasveterinariascyl.com\/noticias\/wp-json\/wp\/v2\/users\/1"}],"replies":[{"embeddable":true,"href":"https:\/\/academiacienciasveterinariascyl.com\/noticias\/wp-json\/wp\/v2\/comments?post=106"}],"version-history":[{"count":6,"href":"https:\/\/academiacienciasveterinariascyl.com\/noticias\/wp-json\/wp\/v2\/posts\/106\/revisions"}],"predecessor-version":[{"id":163,"href":"https:\/\/academiacienciasveterinariascyl.com\/noticias\/wp-json\/wp\/v2\/posts\/106\/revisions\/163"}],"wp:featuredmedia":[{"embeddable":true,"href":"https:\/\/academiacienciasveterinariascyl.com\/noticias\/wp-json\/wp\/v2\/media\/107"}],"wp:attachment":[{"href":"https:\/\/academiacienciasveterinariascyl.com\/noticias\/wp-json\/wp\/v2\/media?parent=106"}],"wp:term":[{"taxonomy":"category","embeddable":true,"href":"https:\/\/academiacienciasveterinariascyl.com\/noticias\/wp-json\/wp\/v2\/categories?post=106"},{"taxonomy":"post_tag","embeddable":true,"href":"https:\/\/academiacienciasveterinariascyl.com\/noticias\/wp-json\/wp\/v2\/tags?post=106"}],"curies":[{"name":"wp","href":"https:\/\/api.w.org\/{rel}","templated":true}]}}